{"id":15201,"date":"2025-04-09T10:03:08","date_gmt":"2025-04-09T08:03:08","guid":{"rendered":"https:\/\/entretormentas.com\/?p=15201"},"modified":"2025-04-09T10:03:09","modified_gmt":"2025-04-09T08:03:09","slug":"anuncio-sorpresa-ad-postula-a-ely-ramon-atencio-para-la-gobernacion-del-zulia","status":"publish","type":"post","link":"https:\/\/entretormentas.com\/anuncio-sorpresa-ad-postula-a-ely-ramon-atencio-para-la-gobernacion-del-zulia\/","title":{"rendered":"\u00a1ANUNCIO SORPRESA! AD postula a Ely Ram\u00f3n Atencio para la Gobernaci\u00f3n del Zulia"},"content":{"rendered":"\n<p><strong>ENTRE TORMENTAS.<\/strong> El partido Acci\u00f3n Democr\u00e1ticas, dirigido por Bernab\u00e9 Guti\u00e9rrez, inform\u00f3 este martes, 8 de abril, que la tolda blanca postular\u00e1 a Ely Ram\u00f3n Atencio, alcalde del municipio Rosario de Perij\u00e1, como candidato a la Gobernaci\u00f3n del estado Zulia.<\/p>\n\n\n\n<p>A trav\u00e9s de la redes sociales del partido, Guti\u00e9rrez asegur\u00f3 que Atencio \u00abtiene como referencia una buena gesti\u00f3n adeca que lo respalda\u00bb.<\/p>\n\n\n\n<p>\u00abLleg\u00f3 la hora de que La Tierra del Sol Amada vuelva a brillar, y en unidad verdadera trabajemos juntos para que los zulianos tengan de nuevo bienestar y progreso\u00bb, afirm\u00f3 en una publicaci\u00f3n de Instagram.<br><strong><em>ET \/ Foco Informativo<\/em><\/strong><\/p>\n","protected":false},"excerpt":{"rendered":"<p>ENTRE TORMENTAS. El partido Acci\u00f3n Democr\u00e1ticas, dirigido por Bernab\u00e9 Guti\u00e9rrez, inform\u00f3 este martes, 8 de&#8230;<\/p>\n","protected":false},"author":2,"featured_media":15202,"comment_status":"closed","ping_status":"open","sticky":false,"template":"","format":"standard","meta":{"footnotes":""},"categories":[57,1],"tags":[],"class_list":["post-15201","post","type-post","status-publish","format-standard","has-post-thumbnail","hentry","category-actualidad","category-regionales"],"_links":{"self":[{"href":"https:\/\/entretormentas.com\/index.php?rest_route=\/wp\/v2\/posts\/15201","targetHints":{"allow":["GET"]}}],"collection":[{"href":"https:\/\/entretormentas.com\/index.php?rest_route=\/wp\/v2\/posts"}],"about":[{"href":"https:\/\/entretormentas.com\/index.php?rest_route=\/wp\/v2\/types\/post"}],"author":[{"embeddable":true,"href":"https:\/\/entretormentas.com\/index.php?rest_route=\/wp\/v2\/users\/2"}],"replies":[{"embeddable":true,"href":"https:\/\/entretormentas.com\/index.php?rest_route=%2Fwp%2Fv2%2Fcomments&post=15201"}],"version-history":[{"count":1,"href":"https:\/\/entretormentas.com\/index.php?rest_route=\/wp\/v2\/posts\/15201\/revisions"}],"predecessor-version":[{"id":15203,"href":"https:\/\/entretormentas.com\/index.php?rest_route=\/wp\/v2\/posts\/15201\/revisions\/15203"}],"wp:featuredmedia":[{"embeddable":true,"href":"https:\/\/entretormentas.com\/index.php?rest_route=\/wp\/v2\/media\/15202"}],"wp:attachment":[{"href":"https:\/\/entretormentas.com\/index.php?rest_route=%2Fwp%2Fv2%2Fmedia&parent=15201"}],"wp:term":[{"taxonomy":"category","embeddable":true,"href":"https:\/\/entretormentas.com\/index.php?rest_route=%2Fwp%2Fv2%2Fcategories&post=15201"},{"taxonomy":"post_tag","embeddable":true,"href":"https:\/\/entretormentas.com\/index.php?rest_route=%2Fwp%2Fv2%2Ftags&post=15201"}],"curies":[{"name":"wp","href":"https:\/\/api.w.org\/{rel}","templated":true}]}}