{"id":15212,"date":"2025-04-09T10:12:18","date_gmt":"2025-04-09T08:12:18","guid":{"rendered":"https:\/\/entretormentas.com\/?p=15212"},"modified":"2025-04-09T10:12:19","modified_gmt":"2025-04-09T08:12:19","slug":"jose-guerra-con-la-emergencia-economica-el-gobierno-quiere-simular-que-esta-haciendo-algo-en-medio-de-la-crisis-cambiaria","status":"publish","type":"post","link":"https:\/\/entretormentas.com\/jose-guerra-con-la-emergencia-economica-el-gobierno-quiere-simular-que-esta-haciendo-algo-en-medio-de-la-crisis-cambiaria\/","title":{"rendered":"JOS\u00c9 GUERRA: \u00abCon la emergencia econ\u00f3mica el gobierno quiere simular que est\u00e1 haciendo algo en medio de la crisis cambiaria\u00bb"},"content":{"rendered":"\n<p><strong>ENTRE TORMENTAS. <\/strong>El economista y dirigente pol\u00edtico Jos\u00e9 Guerra asegur\u00f3 este martes que el nuevo decreto de emergencia econ\u00f3mica que anunci\u00f3 el mandatario Nicol\u00e1s Maduro es una jugada pol\u00edtica y no econ\u00f3mica. A su juicio, es \u201cpara simular que est\u00e1 actuando en medio de una crisis cambiaria, con una devaluaci\u00f3n significativa del bol\u00edvar y con una inflaci\u00f3n que est\u00e1 terminando de barrer el salario de los venezolanos y, con ello, la poca aceptaci\u00f3n que tiene Nicol\u00e1s Maduro\u201d.<\/p>\n\n\n\n<p>\u201c\u00bfQu\u00e9 puede hacer un decreto de emergencia econ\u00f3mica en este momento? Nada\u201d, enfatiz\u00f3 en un mensaje en Instagram. \u201cHay un entramado legal que le permite a Maduro hacer lo que quiera\u201d y tiene la mayor\u00eda de la AN.<\/p>\n\n\n\n<p>\u201cNo s\u00e9 para qu\u00e9\u201d va a solicitar el decreto, subray\u00f3 Guerra, quien record\u00f3 que el jefe del Estado \u201cya tuvo un decreto de emergencia econ\u00f3mica, de febrero-marzo de 2016 y que se extendi\u00f3 hasta 2020, y sirvi\u00f3 para nada. Durante se decreto apareci\u00f3 la hiperinflaci\u00f3n en Venzuela, en el a\u00f1o 2017\u201d.<\/p>\n\n\n\n<p>Explic\u00f3 que los aranceles de Trump son de 15% para productos no petroleros, adem\u00e1s de los aranceles secundarios de 25% que s\u00ed van a afectar el comercio de hidrocarburos. Pero, en relaci\u00f3n con los aranceles secundarios, \u201cest\u00e1 en manos de los chinos, de los indios y de los espa\u00f1oles seguir comprando el petr\u00f3leo de Venezuela\u201d.<br><strong><em>ET \/ Agencias<\/em><\/strong><\/p>\n","protected":false},"excerpt":{"rendered":"<p>ENTRE TORMENTAS. El economista y dirigente pol\u00edtico Jos\u00e9 Guerra asegur\u00f3 este martes que el nuevo&#8230;<\/p>\n","protected":false},"author":2,"featured_media":15213,"comment_status":"closed","ping_status":"open","sticky":false,"template":"","format":"standard","meta":{"footnotes":""},"categories":[56,49],"tags":[],"class_list":["post-15212","post","type-post","status-publish","format-standard","has-post-thumbnail","hentry","category-destacadas","category-nacionales"],"_links":{"self":[{"href":"https:\/\/entretormentas.com\/index.php?rest_route=\/wp\/v2\/posts\/15212","targetHints":{"allow":["GET"]}}],"collection":[{"href":"https:\/\/entretormentas.com\/index.php?rest_route=\/wp\/v2\/posts"}],"about":[{"href":"https:\/\/entretormentas.com\/index.php?rest_route=\/wp\/v2\/types\/post"}],"author":[{"embeddable":true,"href":"https:\/\/entretormentas.com\/index.php?rest_route=\/wp\/v2\/users\/2"}],"replies":[{"embeddable":true,"href":"https:\/\/entretormentas.com\/index.php?rest_route=%2Fwp%2Fv2%2Fcomments&post=15212"}],"version-history":[{"count":1,"href":"https:\/\/entretormentas.com\/index.php?rest_route=\/wp\/v2\/posts\/15212\/revisions"}],"predecessor-version":[{"id":15214,"href":"https:\/\/entretormentas.com\/index.php?rest_route=\/wp\/v2\/posts\/15212\/revisions\/15214"}],"wp:featuredmedia":[{"embeddable":true,"href":"https:\/\/entretormentas.com\/index.php?rest_route=\/wp\/v2\/media\/15213"}],"wp:attachment":[{"href":"https:\/\/entretormentas.com\/index.php?rest_route=%2Fwp%2Fv2%2Fmedia&parent=15212"}],"wp:term":[{"taxonomy":"category","embeddable":true,"href":"https:\/\/entretormentas.com\/index.php?rest_route=%2Fwp%2Fv2%2Fcategories&post=15212"},{"taxonomy":"post_tag","embeddable":true,"href":"https:\/\/entretormentas.com\/index.php?rest_route=%2Fwp%2Fv2%2Ftags&post=15212"}],"curies":[{"name":"wp","href":"https:\/\/api.w.org\/{rel}","templated":true}]}}