{"id":15215,"date":"2025-04-09T10:14:13","date_gmt":"2025-04-09T08:14:13","guid":{"rendered":"https:\/\/entretormentas.com\/?p=15215"},"modified":"2025-04-09T10:14:13","modified_gmt":"2025-04-09T08:14:13","slug":"estara-vigente-por-60-dias-maduro-firma-decreto-de-emergencia-economica","status":"publish","type":"post","link":"https:\/\/entretormentas.com\/estara-vigente-por-60-dias-maduro-firma-decreto-de-emergencia-economica\/","title":{"rendered":"\u00a1ESTAR\u00c1 VIGENTE POR 60 D\u00cdAS! Maduro firma decreto de emergencia econ\u00f3mica"},"content":{"rendered":"\n<p><strong>ENTRE TORMENTAS.<\/strong> El presidente, Nicol\u00e1s Maduro, firm\u00f3 este martes en la noche -como lo hab\u00eda adelantado el lunes- el decreto de emergencia econ\u00f3mica para ejercer funciones especiales en materia econ\u00f3mica ante el panorama global que se dibuja a partir de los aranceles impuestos por el presidente de Estados Unidos (EEUU), Donald Trump, rese\u00f1\u00f3 Uni\u00f3n Radio.<\/p>\n\n\n\n<p>\u00abAnte las circunstancias internacionales y el impacto de la guerra comercial contra el mundo y contra Venezuela, yo apelo a las facultades constitucionales que me da el decreto de emergencia econ\u00f3mica para proteger integralmente todos los sectores productivos y garantizar equilibrio, armon\u00eda, capacidad de resistencia y recuperaci\u00f3n frente a las circunstancias que se presentan ante el mundo\u00bb, dijo en cadena nacional de radio y televisi\u00f3n.<\/p>\n\n\n\n<p>El decreto est\u00e1 vigente por 60 d\u00edas, contados a partir de la publicaci\u00f3n en Gaceta Oficial y es prorrogable por 60 d\u00edas m\u00e1s.<\/p>\n\n\n\n<p>El instrumento ahora pasar\u00e1 la Sala Constitucional del Tribunal Supremo de Justicia (TSJ) para confirmar su constitucionalidad.<br><strong><em>ET \/ Agencias<\/em><\/strong><\/p>\n","protected":false},"excerpt":{"rendered":"<p>ENTRE TORMENTAS. El presidente, Nicol\u00e1s Maduro, firm\u00f3 este martes en la noche -como lo hab\u00eda&#8230;<\/p>\n","protected":false},"author":2,"featured_media":15216,"comment_status":"closed","ping_status":"open","sticky":false,"template":"","format":"standard","meta":{"footnotes":""},"categories":[56,49],"tags":[],"class_list":["post-15215","post","type-post","status-publish","format-standard","has-post-thumbnail","hentry","category-destacadas","category-nacionales"],"_links":{"self":[{"href":"https:\/\/entretormentas.com\/index.php?rest_route=\/wp\/v2\/posts\/15215","targetHints":{"allow":["GET"]}}],"collection":[{"href":"https:\/\/entretormentas.com\/index.php?rest_route=\/wp\/v2\/posts"}],"about":[{"href":"https:\/\/entretormentas.com\/index.php?rest_route=\/wp\/v2\/types\/post"}],"author":[{"embeddable":true,"href":"https:\/\/entretormentas.com\/index.php?rest_route=\/wp\/v2\/users\/2"}],"replies":[{"embeddable":true,"href":"https:\/\/entretormentas.com\/index.php?rest_route=%2Fwp%2Fv2%2Fcomments&post=15215"}],"version-history":[{"count":1,"href":"https:\/\/entretormentas.com\/index.php?rest_route=\/wp\/v2\/posts\/15215\/revisions"}],"predecessor-version":[{"id":15217,"href":"https:\/\/entretormentas.com\/index.php?rest_route=\/wp\/v2\/posts\/15215\/revisions\/15217"}],"wp:featuredmedia":[{"embeddable":true,"href":"https:\/\/entretormentas.com\/index.php?rest_route=\/wp\/v2\/media\/15216"}],"wp:attachment":[{"href":"https:\/\/entretormentas.com\/index.php?rest_route=%2Fwp%2Fv2%2Fmedia&parent=15215"}],"wp:term":[{"taxonomy":"category","embeddable":true,"href":"https:\/\/entretormentas.com\/index.php?rest_route=%2Fwp%2Fv2%2Fcategories&post=15215"},{"taxonomy":"post_tag","embeddable":true,"href":"https:\/\/entretormentas.com\/index.php?rest_route=%2Fwp%2Fv2%2Ftags&post=15215"}],"curies":[{"name":"wp","href":"https:\/\/api.w.org\/{rel}","templated":true}]}}