{"id":15218,"date":"2025-04-10T11:10:04","date_gmt":"2025-04-10T09:10:04","guid":{"rendered":"https:\/\/entretormentas.com\/?p=15218"},"modified":"2025-04-10T11:10:06","modified_gmt":"2025-04-10T09:10:06","slug":"apoyo-a-profesionales-de-la-salud-gobernacion-del-zulia-dicta-conferencia-de-prevencion-del-cancer-de-colon","status":"publish","type":"post","link":"https:\/\/entretormentas.com\/apoyo-a-profesionales-de-la-salud-gobernacion-del-zulia-dicta-conferencia-de-prevencion-del-cancer-de-colon\/","title":{"rendered":"\u00a1APOYO A PROFESIONALES DE LA SALUD! Gobernaci\u00f3n del Zulia dicta conferencia de prevenci\u00f3n del c\u00e1ncer de colon"},"content":{"rendered":"\n<p><strong>ENTRE TORMENTAS.<\/strong> En el marco del mes de la lucha contra el c\u00e1ncer de colon, el Gobernador Manuel Rosales Guerrero, a trav\u00e9s del secretario de Salud, Diego Mu\u00f1oz, la Directora de Programas de Salud, Dora Colmenares y la Sociedad Venezolana de Gastroenterolog\u00eda Capitulo Zuliano, desarrollaron una conferencia de promoci\u00f3n y prevenci\u00f3n del c\u00e1ncer de colon dirigido a los profesionales de la salud pertenecientes a la Facultad de Medicina de la Universidad del Zulia y p\u00fablico en general, en las instalaciones del edificio de la Caja de Ahorros del Profesorado de la Universidad del Zulia (CAPROLUZ) en la ciudad de Maracaibo.<\/p>\n\n\n\n<p>El evento inici\u00f3 con palabras bienvenida por parte del secretario de Salud, Diego Mu\u00f1oz, quien trasmiti\u00f3 su satisfacci\u00f3n por apoyar esta lucha contra el c\u00e1ncer de colon, algo que recalc\u00f3 con \u00e9nfasis para prevenir a tiempo esta patolog\u00eda que trat\u00e1ndose a tiempo puede curarse.<\/p>\n\n\n\n<figure class=\"wp-block-image size-full\"><img fetchpriority=\"high\" decoding=\"async\" width=\"828\" height=\"610\" src=\"https:\/\/entretormentas.com\/wp-content\/uploads\/2025\/04\/image-161.png\" alt=\"\" class=\"wp-image-15220\" srcset=\"https:\/\/entretormentas.com\/wp-content\/uploads\/2025\/04\/image-161.png 828w, https:\/\/entretormentas.com\/wp-content\/uploads\/2025\/04\/image-161-300x221.png 300w, https:\/\/entretormentas.com\/wp-content\/uploads\/2025\/04\/image-161-768x566.png 768w\" sizes=\"(max-width: 828px) 100vw, 828px\" \/><\/figure>\n\n\n\n<p>Seguidamente, el ciclo de conferencias comenz\u00f3 con el tema: Introducci\u00f3n al C\u00e1ncer de Colon, dictado por la gastroenter\u00f3logo y Coordinadora de Endoscopia Digestiva de la Gobernaci\u00f3n del Zulia y Subsecretar\u00eda del Cap\u00edtulo Zuliano de Gastroenterolog\u00eda, Omaira Noguera, en la cual resalt\u00f3 los pasos elementales para detectar esta enfermedad y como de forma eficiente atacarla para y as\u00ed tenga la mayor posibilidad de cursarse.<\/p>\n\n\n\n<p>Posteriormente, el secretario de Salud, Diego Mu\u00f1oz, contin\u00fao el t\u00f3pico de \u00abCuando el colon expresa nuestras emociones\u00bb subrayando que puede ser influenciado por las emociones, especialmente en casos de estr\u00e9s o ansiedad, ya que el cerebro y el intestino est\u00e1n conectados por el sistema nervioso ent\u00e9rico y el nervio vago, lo que permite que las emociones afecten la funci\u00f3n intestinal y viceversa. Dejando claro la prevenci\u00f3n oportuna que les permita cumplir con los par\u00e1metros adecuados para tener un colon sano y as\u00ed evitar el c\u00e1ncer.<\/p>\n\n\n\n<figure class=\"wp-block-image size-full\"><img decoding=\"async\" width=\"828\" height=\"757\" src=\"https:\/\/entretormentas.com\/wp-content\/uploads\/2025\/04\/image-162.png\" alt=\"\" class=\"wp-image-15221\" srcset=\"https:\/\/entretormentas.com\/wp-content\/uploads\/2025\/04\/image-162.png 828w, https:\/\/entretormentas.com\/wp-content\/uploads\/2025\/04\/image-162-300x274.png 300w, https:\/\/entretormentas.com\/wp-content\/uploads\/2025\/04\/image-162-768x702.png 768w\" sizes=\"(max-width: 828px) 100vw, 828px\" \/><\/figure>\n\n\n\n<p>Luego, el gastroenter\u00f3logo, Edgardo Mengual, desarrollo uno de los temas m\u00e1s interesantes de este ciclo de conferencias, c\u00f3mo lo es la detecci\u00f3n temprana del c\u00e1ncer de colon, resaltando que una atenci\u00f3n a tiempo de esta enfermedad permite tener una mejor calidad de vida, tratamientos menos agresivos y menos complicaciones.<\/p>\n\n\n\n<p>Por \u00faltimo, cerr\u00f3 la coordinadora regional de Nutrici\u00f3n y Diet\u00e9tica, Marinela Vega, con las estrategias de prevenci\u00f3n y estilos de vida saludable, adem\u00e1s de un peque\u00f1o taller interactivo de alimentaci\u00f3n y salud digestiva, en el cual hizo \u00e9nfasis en llevar un h\u00e1bito alimenticio adecuado con el lavado responsable de los alimentos en casa, especialmente las frutas y hortalizas, sustituyendo el consumo de carne roja por pescado y cerdo, ya que tienen nutrientes que ayudan al sistema digestivo y a tener una vida sana, sin dejar de lado el hacer ejercicio por lo menos 30 minutos diarios para no caer en el sedentarismo.<\/p>\n\n\n\n<p>Desde la Secretar\u00eda de Salud, se sigue capacitando a los profesionales de la salud para crear conciencia en la poblaci\u00f3n de la regi\u00f3n zuliana bajo la atenci\u00f3n del Gobernador Manuel Rosales Guerrero.<br><strong><em>ET \/ Nota de Prensa<\/em><\/strong><\/p>\n\n\n\n<p><\/p>\n","protected":false},"excerpt":{"rendered":"<p>ENTRE TORMENTAS. En el marco del mes de la lucha contra el c\u00e1ncer de colon,&#8230;<\/p>\n","protected":false},"author":2,"featured_media":15219,"comment_status":"closed","ping_status":"open","sticky":false,"template":"","format":"standard","meta":{"footnotes":""},"categories":[57,1],"tags":[],"class_list":["post-15218","post","type-post","status-publish","format-standard","has-post-thumbnail","hentry","category-actualidad","category-regionales"],"_links":{"self":[{"href":"https:\/\/entretormentas.com\/index.php?rest_route=\/wp\/v2\/posts\/15218","targetHints":{"allow":["GET"]}}],"collection":[{"href":"https:\/\/entretormentas.com\/index.php?rest_route=\/wp\/v2\/posts"}],"about":[{"href":"https:\/\/entretormentas.com\/index.php?rest_route=\/wp\/v2\/types\/post"}],"author":[{"embeddable":true,"href":"https:\/\/entretormentas.com\/index.php?rest_route=\/wp\/v2\/users\/2"}],"replies":[{"embeddable":true,"href":"https:\/\/entretormentas.com\/index.php?rest_route=%2Fwp%2Fv2%2Fcomments&post=15218"}],"version-history":[{"count":1,"href":"https:\/\/entretormentas.com\/index.php?rest_route=\/wp\/v2\/posts\/15218\/revisions"}],"predecessor-version":[{"id":15222,"href":"https:\/\/entretormentas.com\/index.php?rest_route=\/wp\/v2\/posts\/15218\/revisions\/15222"}],"wp:featuredmedia":[{"embeddable":true,"href":"https:\/\/entretormentas.com\/index.php?rest_route=\/wp\/v2\/media\/15219"}],"wp:attachment":[{"href":"https:\/\/entretormentas.com\/index.php?rest_route=%2Fwp%2Fv2%2Fmedia&parent=15218"}],"wp:term":[{"taxonomy":"category","embeddable":true,"href":"https:\/\/entretormentas.com\/index.php?rest_route=%2Fwp%2Fv2%2Fcategories&post=15218"},{"taxonomy":"post_tag","embeddable":true,"href":"https:\/\/entretormentas.com\/index.php?rest_route=%2Fwp%2Fv2%2Ftags&post=15218"}],"curies":[{"name":"wp","href":"https:\/\/api.w.org\/{rel}","templated":true}]}}