{"id":15230,"date":"2025-04-10T11:21:46","date_gmt":"2025-04-10T09:21:46","guid":{"rendered":"https:\/\/entretormentas.com\/?p=15230"},"modified":"2025-04-10T11:21:47","modified_gmt":"2025-04-10T09:21:47","slug":"cumpliendo-alcalde-gustavo-fernandez-inaugura-reasfaltado-en-el-sector-la-charrasca","status":"publish","type":"post","link":"https:\/\/entretormentas.com\/cumpliendo-alcalde-gustavo-fernandez-inaugura-reasfaltado-en-el-sector-la-charrasca\/","title":{"rendered":"\u00a1CUMPLIENDO! Alcalde Gustavo Fern\u00e1ndez inaugura reasfaltado en el sector La Charrasca"},"content":{"rendered":"\n<p><strong>ENTRE TORMENTAS. <\/strong>Este mi\u00e9rcoles, el alcalde Gustavo Fern\u00e1ndez inaugur\u00f3 una obra m\u00e1s de asfaltado en el municipio San Francisco. En esta ocasi\u00f3n los residentes del sector La Charrasca en la avenida 48, espec\u00edficamente en la entrada de Ciudadela Rafael Caldera, mejor conocido como Fundabarrios, fueron favorecidos con la intervenci\u00f3n de 1.5 kil\u00f3metros de esta importante arteria vial que conecta con la calle 200 de la parroquia Jos\u00e9 Domingo Rus.<\/p>\n\n\n\n<p>Las labores comprendieron colocaci\u00f3n de mil toneladas de asfalto caliente tipo III, demarcaci\u00f3n de l\u00edneas continuas, instalaci\u00f3n de 400 marcadores reflectivos (ojos de gato) pintura de brocales, cintas reflectivas para postes de alumbrado p\u00fablico, limpieza, saneamiento y poda de \u00e1rboles de los bordes laterales, beneficiando a m\u00e1s de tres mil 400 familias, que hacen vida en esta populosa zona residencial.<\/p>\n\n\n\n<figure class=\"wp-block-image size-full\"><img fetchpriority=\"high\" decoding=\"async\" width=\"1024\" height=\"680\" src=\"https:\/\/entretormentas.com\/wp-content\/uploads\/2025\/04\/image-168.png\" alt=\"\" class=\"wp-image-15233\" srcset=\"https:\/\/entretormentas.com\/wp-content\/uploads\/2025\/04\/image-168.png 1024w, https:\/\/entretormentas.com\/wp-content\/uploads\/2025\/04\/image-168-300x199.png 300w, https:\/\/entretormentas.com\/wp-content\/uploads\/2025\/04\/image-168-768x510.png 768w\" sizes=\"(max-width: 1024px) 100vw, 1024px\" \/><\/figure>\n\n\n\n<p>\u00abEstamos cumpliendo con la palabra empe\u00f1ada, nos comprometimos con los habitantes y principales rutas de transporte p\u00fablico que circulan por esta conocida v\u00eda. Gracias por creer en el gobierno que junto a un multidisciplinario equipo encabezamos. Esperamos que pr\u00f3ximamente Corpoelec coloque las respectivas luminarias para tener una v\u00eda totalmente recuperada, contribuyendo con la transformaci\u00f3n, embellecimiento y planificaci\u00f3n urban\u00edstica de la ciudad\u00bb, exalt\u00f3 la m\u00e1xima autoridad civil de San Francisco.<\/p>\n\n\n\n<p>El ayuntamiento sure\u00f1o ha experimentado importantes avances en infraestructura vial, gracias a la implementaci\u00f3n de planes estrat\u00e9gicos coordinados con la gobernaci\u00f3n del estado Zulia y las organizaciones vecinales, realizando un gran esfuerzo financiero y humano, en beneficio del colectivo sanfranciscano.<\/p>\n\n\n\n<figure class=\"wp-block-image size-large\"><img decoding=\"async\" width=\"1024\" height=\"682\" src=\"https:\/\/entretormentas.com\/wp-content\/uploads\/2025\/04\/image-167-1024x682.png\" alt=\"\" class=\"wp-image-15232\" srcset=\"https:\/\/entretormentas.com\/wp-content\/uploads\/2025\/04\/image-167-1024x682.png 1024w, https:\/\/entretormentas.com\/wp-content\/uploads\/2025\/04\/image-167-300x200.png 300w, https:\/\/entretormentas.com\/wp-content\/uploads\/2025\/04\/image-167-768x512.png 768w, https:\/\/entretormentas.com\/wp-content\/uploads\/2025\/04\/image-167.png 1280w\" sizes=\"(max-width: 1024px) 100vw, 1024px\" \/><\/figure>\n\n\n\n<p>En lo que va del a\u00f1o 2025 se han destinado m\u00e1s de dos mil 850 toneladas de asfalto, as\u00ed como 21.3 kil\u00f3metros de demarcaci\u00f3n de l\u00edneas continuas y discontinuas, pintura de brocales, pasos peatonales y se\u00f1ales de pare en distintos sectores del municipio, respondiendo de manera efectiva a las necesidades de mantenimiento y seguridad vial.<\/p>\n\n\n\n<p>Transportistas del sector p\u00fablico, conductores particulares, centros educativos, transe\u00fantes, comerciantes y la poblaci\u00f3n en general, agradecen al alcalde Gustavo Fern\u00e1ndez por los significativos cambios logrados en materia de vialidad, d\u00e1ndole un nuevo rostro a las calles y avenidas, garantizando mejores oportunidades para el impulso del desarrollo econ\u00f3mico y productivo del municipio.<br><strong><em>ET \/ Alcald\u00eda de San Francisco<\/em><\/strong><\/p>\n\n\n\n<p><\/p>\n","protected":false},"excerpt":{"rendered":"<p>ENTRE TORMENTAS. Este mi\u00e9rcoles, el alcalde Gustavo Fern\u00e1ndez inaugur\u00f3 una obra m\u00e1s de asfaltado en&#8230;<\/p>\n","protected":false},"author":2,"featured_media":15231,"comment_status":"closed","ping_status":"open","sticky":false,"template":"","format":"standard","meta":{"footnotes":""},"categories":[57,1],"tags":[],"class_list":["post-15230","post","type-post","status-publish","format-standard","has-post-thumbnail","hentry","category-actualidad","category-regionales"],"_links":{"self":[{"href":"https:\/\/entretormentas.com\/index.php?rest_route=\/wp\/v2\/posts\/15230","targetHints":{"allow":["GET"]}}],"collection":[{"href":"https:\/\/entretormentas.com\/index.php?rest_route=\/wp\/v2\/posts"}],"about":[{"href":"https:\/\/entretormentas.com\/index.php?rest_route=\/wp\/v2\/types\/post"}],"author":[{"embeddable":true,"href":"https:\/\/entretormentas.com\/index.php?rest_route=\/wp\/v2\/users\/2"}],"replies":[{"embeddable":true,"href":"https:\/\/entretormentas.com\/index.php?rest_route=%2Fwp%2Fv2%2Fcomments&post=15230"}],"version-history":[{"count":1,"href":"https:\/\/entretormentas.com\/index.php?rest_route=\/wp\/v2\/posts\/15230\/revisions"}],"predecessor-version":[{"id":15234,"href":"https:\/\/entretormentas.com\/index.php?rest_route=\/wp\/v2\/posts\/15230\/revisions\/15234"}],"wp:featuredmedia":[{"embeddable":true,"href":"https:\/\/entretormentas.com\/index.php?rest_route=\/wp\/v2\/media\/15231"}],"wp:attachment":[{"href":"https:\/\/entretormentas.com\/index.php?rest_route=%2Fwp%2Fv2%2Fmedia&parent=15230"}],"wp:term":[{"taxonomy":"category","embeddable":true,"href":"https:\/\/entretormentas.com\/index.php?rest_route=%2Fwp%2Fv2%2Fcategories&post=15230"},{"taxonomy":"post_tag","embeddable":true,"href":"https:\/\/entretormentas.com\/index.php?rest_route=%2Fwp%2Fv2%2Ftags&post=15230"}],"curies":[{"name":"wp","href":"https:\/\/api.w.org\/{rel}","templated":true}]}}