{"id":15245,"date":"2025-04-10T11:44:04","date_gmt":"2025-04-10T09:44:04","guid":{"rendered":"https:\/\/entretormentas.com\/?p=15245"},"modified":"2025-04-10T11:44:04","modified_gmt":"2025-04-10T09:44:04","slug":"comunicado-de-la-pud-oposicion-rechaza-decreto-de-emergencia-economica-del-gobierno","status":"publish","type":"post","link":"https:\/\/entretormentas.com\/comunicado-de-la-pud-oposicion-rechaza-decreto-de-emergencia-economica-del-gobierno\/","title":{"rendered":"\u00a1COMUNICADO DE LA PUD! Oposici\u00f3n rechaza decreto de emergencia econ\u00f3mica del gobierno"},"content":{"rendered":"\n<p><strong>ENTRE TORMENTAS. <\/strong>La Plataforma Unitaria Democr\u00e1tica (PUD) manifiesta su rechazo al decreto de emergencia econ\u00f3mica firmado por Nicol\u00e1s Maduro la noche del martes 8 de abril.<\/p>\n\n\n\n<p>\u00abEs una medida que no resuelve la crisis nacional y busca concentrar a\u00fan m\u00e1s poder de forma arbitraria, sin soluciones reales para el pueblo venezolano\u00bb, explica la coalici\u00f3n opositora en el comunicado publicado este mi\u00e9rcoles 9 de abril.<\/p>\n\n\n\n<p>La oposici\u00f3n argumenta que el decreto ha sido \u00abimpuesto sin transparencia ni participaci\u00f3n ciudadana\u00bb y, adem\u00e1s, \u00abignora las necesidades del pa\u00eds y golpea duramente a trabajadores, comerciantes y empresarios, profundizando la pobreza, la inflaci\u00f3n y la destrucci\u00f3n del sector productivo, especialmente entre los m\u00e1s vulnerables\u00bb.<\/p>\n\n\n\n<p>En este sentido, la PUD denuncia que la decisi\u00f3n de la administraci\u00f3n Maduro abre la puerta a los abusos y a la discrecionalidad. \u00abVenezuela requiere instituciones leg\u00edtimas, pol\u00edticas transparentes y un modelo econ\u00f3mico que fomente la producci\u00f3n, el empleo y el bienestar\u00bb.<\/p>\n\n\n\n<figure class=\"wp-block-image size-full\"><img fetchpriority=\"high\" decoding=\"async\" width=\"680\" height=\"626\" src=\"https:\/\/entretormentas.com\/wp-content\/uploads\/2025\/04\/image-174.png\" alt=\"\" class=\"wp-image-15247\" srcset=\"https:\/\/entretormentas.com\/wp-content\/uploads\/2025\/04\/image-174.png 680w, https:\/\/entretormentas.com\/wp-content\/uploads\/2025\/04\/image-174-300x276.png 300w\" sizes=\"(max-width: 680px) 100vw, 680px\" \/><\/figure>\n\n\n\n<p><strong>Otras voces cuestionan decreto<\/strong><br>Adem\u00e1s de la PUD, voceros pol\u00edticos y economistas han expresado sus dudas y cuestionamientos sobre los resultados que pueda generar el decreto de emergencia econ\u00f3mica.<\/p>\n\n\n\n<p>El economista Jos\u00e9 Guerra califica la medida de innecesaria e ineficaz. A su juicio es una \u00abjugada pol\u00edtica\u00bb en lugar de una soluci\u00f3n econ\u00f3mica real.<\/p>\n\n\n\n<p>En una publicaci\u00f3n en su cuenta en la red social X este 8 de abril, Guerra record\u00f3 que en el a\u00f1o 2016 ya se aplic\u00f3 un decreto de emergencia econ\u00f3mica, cuyo resultado fue un per\u00edodo de hiperinflaci\u00f3n en el pa\u00eds.<\/p>\n\n\n\n<p>Por su parte, Juan Pablo Guanipa, dirigente de Primero Justicia, asegura que ninguna medida tendr\u00e1 resultados positivos para la poblaci\u00f3n venezolana mientras Nicol\u00e1s Maduro est\u00e9 en el poder.<\/p>\n\n\n\n<p>El pol\u00edtico Andr\u00e9s Vel\u00e1squez tambi\u00e9n expresa su rechazo al decreto de emergencia econ\u00f3mica. Considera que es \u00abpuro teatro\u00bb de Nicol\u00e1s Maduro para \u00abaparentar democracia\u00bb.<\/p>\n\n\n\n<p>El decreto firmado por Nicol\u00e1s Maduro firm\u00f3 la noche de este martes 8 de abril estar\u00e1 vigente por 60 d\u00edas prorrogables. Durante el anuncio, se\u00f1al\u00f3 que se trata de una respuesta a la \u00abguerra in\u00e9dita y sin precedentes\u00bb de Estados Unidos tras la aplicaci\u00f3n de aranceles.<br><strong><em>ET \/ Tal Cual<\/em><\/strong><\/p>\n\n\n\n<p><\/p>\n","protected":false},"excerpt":{"rendered":"<p>ENTRE TORMENTAS. La Plataforma Unitaria Democr\u00e1tica (PUD) manifiesta su rechazo al decreto de emergencia econ\u00f3mica&#8230;<\/p>\n","protected":false},"author":2,"featured_media":15246,"comment_status":"closed","ping_status":"open","sticky":false,"template":"","format":"standard","meta":{"footnotes":""},"categories":[56,49],"tags":[],"class_list":["post-15245","post","type-post","status-publish","format-standard","has-post-thumbnail","hentry","category-destacadas","category-nacionales"],"_links":{"self":[{"href":"https:\/\/entretormentas.com\/index.php?rest_route=\/wp\/v2\/posts\/15245","targetHints":{"allow":["GET"]}}],"collection":[{"href":"https:\/\/entretormentas.com\/index.php?rest_route=\/wp\/v2\/posts"}],"about":[{"href":"https:\/\/entretormentas.com\/index.php?rest_route=\/wp\/v2\/types\/post"}],"author":[{"embeddable":true,"href":"https:\/\/entretormentas.com\/index.php?rest_route=\/wp\/v2\/users\/2"}],"replies":[{"embeddable":true,"href":"https:\/\/entretormentas.com\/index.php?rest_route=%2Fwp%2Fv2%2Fcomments&post=15245"}],"version-history":[{"count":1,"href":"https:\/\/entretormentas.com\/index.php?rest_route=\/wp\/v2\/posts\/15245\/revisions"}],"predecessor-version":[{"id":15248,"href":"https:\/\/entretormentas.com\/index.php?rest_route=\/wp\/v2\/posts\/15245\/revisions\/15248"}],"wp:featuredmedia":[{"embeddable":true,"href":"https:\/\/entretormentas.com\/index.php?rest_route=\/wp\/v2\/media\/15246"}],"wp:attachment":[{"href":"https:\/\/entretormentas.com\/index.php?rest_route=%2Fwp%2Fv2%2Fmedia&parent=15245"}],"wp:term":[{"taxonomy":"category","embeddable":true,"href":"https:\/\/entretormentas.com\/index.php?rest_route=%2Fwp%2Fv2%2Fcategories&post=15245"},{"taxonomy":"post_tag","embeddable":true,"href":"https:\/\/entretormentas.com\/index.php?rest_route=%2Fwp%2Fv2%2Ftags&post=15245"}],"curies":[{"name":"wp","href":"https:\/\/api.w.org\/{rel}","templated":true}]}}