{"id":15249,"date":"2025-04-10T11:46:04","date_gmt":"2025-04-10T09:46:04","guid":{"rendered":"https:\/\/entretormentas.com\/?p=15249"},"modified":"2025-04-10T11:46:05","modified_gmt":"2025-04-10T09:46:05","slug":"para-la-administracion-publica-gobierno-anuncia-asueto-de-semana-santa-desde-este-viernes-11-de-abril","status":"publish","type":"post","link":"https:\/\/entretormentas.com\/para-la-administracion-publica-gobierno-anuncia-asueto-de-semana-santa-desde-este-viernes-11-de-abril\/","title":{"rendered":"\u00a1PARA LA ADMINISTRACI\u00d3N P\u00daBLICA! Gobierno anuncia asueto de Semana Santa desde este viernes 11 de abril"},"content":{"rendered":"\n<p><strong>ENTRE TORMENTAS. <\/strong>La vicepresidenta Ejecutiva, Delcy Rodr\u00edguez, anunci\u00f3 que la Administraci\u00f3n p\u00fablica gozar\u00e1 de un asueto total durante la venidera Semana Santa.<\/p>\n\n\n\n<p>Dijo que a desde este viernes y durante toda la Semana Mayor, los empleados del sector p\u00fablico estar\u00e1n exentos de sus labores habituales.<\/p>\n\n\n\n<p>Este per\u00edodo de descanso comprender\u00e1 los d\u00edas lunes, martes, mi\u00e9rcoles, jueves y viernes de la semana de celebraci\u00f3n religiosa.<\/p>\n\n\n\n<p>\u00abA partir de este viernes (11 de abril), los trabajadores del sector p\u00fablico van a tener de asueto la Semana Mayor, lunes, martes, mi\u00e9rcoles, jueves y viernes; excepto los sectores esenciales que prestan servicio prioritario a la poblaci\u00f3n\u00bb, dijo.<\/p>\n\n\n\n<p>La vicepresidenta enfatiz\u00f3 que se except\u00faa los sectores esenciales, que deber\u00e1n mantener sus funciones para garantizar la continuidad de los servicios prioritarios a la poblaci\u00f3n.<\/p>\n\n\n\n<p>Rodr\u00edguez explic\u00f3 que la decisi\u00f3n de otorgar un asueto extendido a los trabajadores p\u00fablicos responde directamente a la emergencia clim\u00e1tica y a las consecuentes medidas de ahorro energ\u00e9tico que el Ejecutivo ha puesto en marcha.<\/p>\n\n\n\n<p>Adicionalmente, se\u00f1al\u00f3 que este per\u00edodo de descanso representa una oportunidad para que los ciudadanos puedan disfrutar de las diversas actividades culturales, tur\u00edsticas y religiosas que se ofrecer\u00e1n en el pa\u00eds durante la Semana Santa.<br><strong><em>ET \/ Agencias<\/em><\/strong><\/p>\n","protected":false},"excerpt":{"rendered":"<p>ENTRE TORMENTAS. La vicepresidenta Ejecutiva, Delcy Rodr\u00edguez, anunci\u00f3 que la Administraci\u00f3n p\u00fablica gozar\u00e1 de un&#8230;<\/p>\n","protected":false},"author":2,"featured_media":15250,"comment_status":"closed","ping_status":"open","sticky":false,"template":"","format":"standard","meta":{"footnotes":""},"categories":[56,49],"tags":[],"class_list":["post-15249","post","type-post","status-publish","format-standard","has-post-thumbnail","hentry","category-destacadas","category-nacionales"],"_links":{"self":[{"href":"https:\/\/entretormentas.com\/index.php?rest_route=\/wp\/v2\/posts\/15249","targetHints":{"allow":["GET"]}}],"collection":[{"href":"https:\/\/entretormentas.com\/index.php?rest_route=\/wp\/v2\/posts"}],"about":[{"href":"https:\/\/entretormentas.com\/index.php?rest_route=\/wp\/v2\/types\/post"}],"author":[{"embeddable":true,"href":"https:\/\/entretormentas.com\/index.php?rest_route=\/wp\/v2\/users\/2"}],"replies":[{"embeddable":true,"href":"https:\/\/entretormentas.com\/index.php?rest_route=%2Fwp%2Fv2%2Fcomments&post=15249"}],"version-history":[{"count":1,"href":"https:\/\/entretormentas.com\/index.php?rest_route=\/wp\/v2\/posts\/15249\/revisions"}],"predecessor-version":[{"id":15251,"href":"https:\/\/entretormentas.com\/index.php?rest_route=\/wp\/v2\/posts\/15249\/revisions\/15251"}],"wp:featuredmedia":[{"embeddable":true,"href":"https:\/\/entretormentas.com\/index.php?rest_route=\/wp\/v2\/media\/15250"}],"wp:attachment":[{"href":"https:\/\/entretormentas.com\/index.php?rest_route=%2Fwp%2Fv2%2Fmedia&parent=15249"}],"wp:term":[{"taxonomy":"category","embeddable":true,"href":"https:\/\/entretormentas.com\/index.php?rest_route=%2Fwp%2Fv2%2Fcategories&post=15249"},{"taxonomy":"post_tag","embeddable":true,"href":"https:\/\/entretormentas.com\/index.php?rest_route=%2Fwp%2Fv2%2Ftags&post=15249"}],"curies":[{"name":"wp","href":"https:\/\/api.w.org\/{rel}","templated":true}]}}