{"id":15265,"date":"2025-04-12T11:28:19","date_gmt":"2025-04-12T09:28:19","guid":{"rendered":"https:\/\/entretormentas.com\/?p=15265"},"modified":"2025-04-12T11:28:19","modified_gmt":"2025-04-12T09:28:19","slug":"este-domingo-13-abr-se-instala-primera-expo-seguridad-maracaibo-2025-en-la-vereda-del-lago","status":"publish","type":"post","link":"https:\/\/entretormentas.com\/este-domingo-13-abr-se-instala-primera-expo-seguridad-maracaibo-2025-en-la-vereda-del-lago\/","title":{"rendered":"\u00a1ESTE DOMINGO 13-ABR! Se instala Primera Expo Seguridad Maracaibo 2025 en la Vereda del Lago"},"content":{"rendered":"\n<p><strong>ENTRE TORMENTAS. <\/strong>Bajo el lema \u00abPor un futuro seguro\u00bb, la Alcald\u00eda de Maracaibo a trav\u00e9s de la Direcci\u00f3n de Seguridad Ciudadana lleva este 13 de abril al parque Vereda del Lago la primera edici\u00f3n de 2025 de la Expo Seguridad Maracaibo.<\/p>\n\n\n\n<p>El prop\u00f3sito es continuar acercando esta importante muestra a la ciudadan\u00eda para lograr la interacci\u00f3n y que conozcan de primera mano c\u00f3mo est\u00e1n conformados y detalles del trabajo que ejecutan los organismos de seguridad y prevenci\u00f3n del municipio.<\/p>\n\n\n\n<figure class=\"wp-block-image size-large\"><img fetchpriority=\"high\" decoding=\"async\" width=\"1024\" height=\"574\" src=\"https:\/\/entretormentas.com\/wp-content\/uploads\/2025\/04\/image-182-1024x574.png\" alt=\"\" class=\"wp-image-15267\" srcset=\"https:\/\/entretormentas.com\/wp-content\/uploads\/2025\/04\/image-182-1024x574.png 1024w, https:\/\/entretormentas.com\/wp-content\/uploads\/2025\/04\/image-182-300x168.png 300w, https:\/\/entretormentas.com\/wp-content\/uploads\/2025\/04\/image-182-768x431.png 768w, https:\/\/entretormentas.com\/wp-content\/uploads\/2025\/04\/image-182.png 1280w\" sizes=\"(max-width: 1024px) 100vw, 1024px\" \/><\/figure>\n\n\n\n<p>M\u00e1s de 20 organismos e instituciones se dar\u00e1n cita en \u00e9sta exposici\u00f3n, a partir de la 5:00 de la tarde.<\/p>\n\n\n\n<p>El director de Seguridad Ciudadana, Aldrin Parra, explic\u00f3 que la Expo Seguridad Ciudadana permite no solo estrechar lazos entre los organismos de seguridad, sino mantener la cercan\u00eda con los ciudadanos.<\/p>\n\n\n\n<p>Extendi\u00f3 la invitaci\u00f3n a todos los marabinos para que se acerquen a \u00e9ste evento, donde encontrar\u00e1n stand, exhibiciones, animaci\u00f3n, adem\u00e1s de actividades recreativas y culturales.<\/p>\n\n\n\n<p>Record\u00f3 que la Direcci\u00f3n de Seguridad Ciudadana viene realizando estas exposiciones desde el a\u00f1o 2023, la primera de ella se realiz\u00f3 en la parroquia Cristo de Aranza, continuando durante el a\u00f1o 2024.<br><strong><em>ET \/ DCI Alcald\u00eda de Maracaibo<\/em><\/strong><\/p>\n\n\n\n<p><\/p>\n","protected":false},"excerpt":{"rendered":"<p>ENTRE TORMENTAS. Bajo el lema \u00abPor un futuro seguro\u00bb, la Alcald\u00eda de Maracaibo a trav\u00e9s&#8230;<\/p>\n","protected":false},"author":2,"featured_media":15266,"comment_status":"closed","ping_status":"open","sticky":false,"template":"","format":"standard","meta":{"footnotes":""},"categories":[1],"tags":[],"class_list":["post-15265","post","type-post","status-publish","format-standard","has-post-thumbnail","hentry","category-regionales"],"_links":{"self":[{"href":"https:\/\/entretormentas.com\/index.php?rest_route=\/wp\/v2\/posts\/15265","targetHints":{"allow":["GET"]}}],"collection":[{"href":"https:\/\/entretormentas.com\/index.php?rest_route=\/wp\/v2\/posts"}],"about":[{"href":"https:\/\/entretormentas.com\/index.php?rest_route=\/wp\/v2\/types\/post"}],"author":[{"embeddable":true,"href":"https:\/\/entretormentas.com\/index.php?rest_route=\/wp\/v2\/users\/2"}],"replies":[{"embeddable":true,"href":"https:\/\/entretormentas.com\/index.php?rest_route=%2Fwp%2Fv2%2Fcomments&post=15265"}],"version-history":[{"count":1,"href":"https:\/\/entretormentas.com\/index.php?rest_route=\/wp\/v2\/posts\/15265\/revisions"}],"predecessor-version":[{"id":15268,"href":"https:\/\/entretormentas.com\/index.php?rest_route=\/wp\/v2\/posts\/15265\/revisions\/15268"}],"wp:featuredmedia":[{"embeddable":true,"href":"https:\/\/entretormentas.com\/index.php?rest_route=\/wp\/v2\/media\/15266"}],"wp:attachment":[{"href":"https:\/\/entretormentas.com\/index.php?rest_route=%2Fwp%2Fv2%2Fmedia&parent=15265"}],"wp:term":[{"taxonomy":"category","embeddable":true,"href":"https:\/\/entretormentas.com\/index.php?rest_route=%2Fwp%2Fv2%2Fcategories&post=15265"},{"taxonomy":"post_tag","embeddable":true,"href":"https:\/\/entretormentas.com\/index.php?rest_route=%2Fwp%2Fv2%2Ftags&post=15265"}],"curies":[{"name":"wp","href":"https:\/\/api.w.org\/{rel}","templated":true}]}}