{"id":15272,"date":"2025-04-12T11:33:56","date_gmt":"2025-04-12T09:33:56","guid":{"rendered":"https:\/\/entretormentas.com\/?p=15272"},"modified":"2025-04-12T11:33:57","modified_gmt":"2025-04-12T09:33:57","slug":"con-antonio-perez-esclarin-desde-san-francisco-se-abre-un-espacio-para-la-construccion-de-ciudadania","status":"publish","type":"post","link":"https:\/\/entretormentas.com\/con-antonio-perez-esclarin-desde-san-francisco-se-abre-un-espacio-para-la-construccion-de-ciudadania\/","title":{"rendered":"\u00a1CON ANTONIO P\u00c9REZ ESCLAR\u00cdN! Desde San Francisco se abre un espacio para la construcci\u00f3n de ciudadan\u00eda"},"content":{"rendered":"\n<p><strong>ENTRE TORMENTAS.<\/strong> El alcalde de San Francisco, Gustavo Fern\u00e1ndez, instal\u00f3 una conferencia sobre valores y principios para la construcci\u00f3n de ciudadan\u00eda, que forma parte del programa de capacitaci\u00f3n y formaci\u00f3n para el ejercicio de la funci\u00f3n p\u00fablica, a cargo de Antonio P\u00e9rez Esclar\u00edn, pedagogo, fil\u00f3sofo, ex director de investigaci\u00f3n de Fe y Alegr\u00eda, con 53 a\u00f1os dedicados a la educaci\u00f3n, siempre de la mano de la formaci\u00f3n de educadores y familias, que ha publicado 75 libros, pero que sobre todo vive en San Francisco.<\/p>\n\n\n\n<p>\u201cLa construcci\u00f3n de ciudadan\u00eda supone la construcci\u00f3n de los hombres y mujeres que se levantan en la sociedad\u201d, expres\u00f3 el alcalde Gustavo Fern\u00e1ndez, en sus palabras de instalaci\u00f3n, quien agradeci\u00f3 al profesor Esclar\u00edn por dedicar parte de su tiempo en esta actividad y espacio para la formaci\u00f3n. El alcalde refiri\u00f3 que \u201ccuando las personas se transforman en ciudadanos, el camino hacia el desarrollo es mucho m\u00e1s seguro, por eso desde el gobierno de San Francisco, uno de nuestros objetivos es la construcci\u00f3n de ciudadan\u00eda\u201d.<\/p>\n\n\n\n<figure class=\"wp-block-image size-large\"><img fetchpriority=\"high\" decoding=\"async\" width=\"1024\" height=\"714\" src=\"https:\/\/entretormentas.com\/wp-content\/uploads\/2025\/04\/image-185-1024x714.png\" alt=\"\" class=\"wp-image-15274\" srcset=\"https:\/\/entretormentas.com\/wp-content\/uploads\/2025\/04\/image-185-1024x714.png 1024w, https:\/\/entretormentas.com\/wp-content\/uploads\/2025\/04\/image-185-300x209.png 300w, https:\/\/entretormentas.com\/wp-content\/uploads\/2025\/04\/image-185-768x535.png 768w, https:\/\/entretormentas.com\/wp-content\/uploads\/2025\/04\/image-185.png 1280w\" sizes=\"(max-width: 1024px) 100vw, 1024px\" \/><\/figure>\n\n\n\n<p>Fern\u00e1ndez coment\u00f3 que cuando se es ciudadano se respeta al otro, las normas de convivencia, las personas se procuran por el bienestar colectivo, surge el sentido de solidaridad y se convierten en dolientes de sus espacios, de su ciudad. \u201cLos pueblos necesitamos ciudadanos comprometidos con el presente y con el futuro de su gente\u201d, dijo el Alcalde.<\/p>\n\n\n\n<p>P\u00e9rez Esclar\u00edn explic\u00f3 que la tem\u00e1tica de su conferencia busca afianzar, valores y principios para construir ciudadan\u00eda, al asegurar que \u201chay un gran d\u00e9ficit de ciudadanos, por lo que hace falta un itinerario que nos ense\u00f1e a vivir, ser personas de bien, a convivir. Ciudadano es la persona que le preocupa el bienestar de los dem\u00e1s, desarrollando competencias para convivir\u201d. Su propuesta es el liderazgo de servicio, es decir el de la opci\u00f3n de vida, de sobre todo servir.<\/p>\n\n\n\n<p>\u201cAlabo todos los esfuerzos que se hacen en formaci\u00f3n. El problema educativo no es s\u00f3lo de la escuela; los padres son los primeros educadores, los ni\u00f1os aprenden lo que viven en la casa\u201d, dijo P\u00e9rez Esclar\u00edn refiri\u00e9ndose a esta actividad dentro del Programa de la Direcci\u00f3n de Escuela de Gobierno de la alcald\u00eda de San Francisco. \u201cLa educaci\u00f3n debe ser el gran proyecto de pa\u00eds, donde entre todos nos unamos para defender y promover la educaci\u00f3n\u201d, agreg\u00f3.<\/p>\n\n\n\n<figure class=\"wp-block-image size-large\"><img decoding=\"async\" width=\"1024\" height=\"646\" src=\"https:\/\/entretormentas.com\/wp-content\/uploads\/2025\/04\/image-186-1024x646.png\" alt=\"\" class=\"wp-image-15275\" srcset=\"https:\/\/entretormentas.com\/wp-content\/uploads\/2025\/04\/image-186-1024x646.png 1024w, https:\/\/entretormentas.com\/wp-content\/uploads\/2025\/04\/image-186-300x189.png 300w, https:\/\/entretormentas.com\/wp-content\/uploads\/2025\/04\/image-186-768x485.png 768w, https:\/\/entretormentas.com\/wp-content\/uploads\/2025\/04\/image-186-540x340.png 540w, https:\/\/entretormentas.com\/wp-content\/uploads\/2025\/04\/image-186.png 1280w\" sizes=\"(max-width: 1024px) 100vw, 1024px\" \/><\/figure>\n\n\n\n<p>Se\u00f1al\u00f3 adem\u00e1s el Conferencista que \u201cestoy trabajando por hacer de San Francisco y el Zulia, una Sociedad Educadora.La educaci\u00f3n es un problema de todos. La crisis nos est\u00e1 dejando sin educaci\u00f3n, por lo que hay que retomar la educaci\u00f3n como el gran momento para transformar el pa\u00eds\u201d.<\/p>\n\n\n\n<p>Por su parte, Jos\u00e9 Torres, director de la Escuela de Gobierno, en sus palabras de agradecimiento por la participaci\u00f3n de Antonio P\u00e9rez Esclar\u00edn, reafirm\u00f3 la preocupaci\u00f3n y esfuerzo del alcalde Gustavo Fern\u00e1ndez, por la formaci\u00f3n de los funcionarios p\u00fablicos, buscando la excelencia en el desempe\u00f1o de la atenci\u00f3n de los ciudadanos, con programas de formaci\u00f3n para el ejercicio de la funci\u00f3n p\u00fablica. Y anunci\u00f3 la pr\u00f3xima jornada que se basar\u00e1 en la capacitaci\u00f3n en Gobierno Electr\u00f3nico.<br><strong><em>ET \/ Alcald\u00eda de San Francisco<\/em><\/strong><\/p>\n","protected":false},"excerpt":{"rendered":"<p>ENTRE TORMENTAS. El alcalde de San Francisco, Gustavo Fern\u00e1ndez, instal\u00f3 una conferencia sobre valores y&#8230;<\/p>\n","protected":false},"author":2,"featured_media":15273,"comment_status":"closed","ping_status":"open","sticky":false,"template":"","format":"standard","meta":{"footnotes":""},"categories":[57,1],"tags":[],"class_list":["post-15272","post","type-post","status-publish","format-standard","has-post-thumbnail","hentry","category-actualidad","category-regionales"],"_links":{"self":[{"href":"https:\/\/entretormentas.com\/index.php?rest_route=\/wp\/v2\/posts\/15272","targetHints":{"allow":["GET"]}}],"collection":[{"href":"https:\/\/entretormentas.com\/index.php?rest_route=\/wp\/v2\/posts"}],"about":[{"href":"https:\/\/entretormentas.com\/index.php?rest_route=\/wp\/v2\/types\/post"}],"author":[{"embeddable":true,"href":"https:\/\/entretormentas.com\/index.php?rest_route=\/wp\/v2\/users\/2"}],"replies":[{"embeddable":true,"href":"https:\/\/entretormentas.com\/index.php?rest_route=%2Fwp%2Fv2%2Fcomments&post=15272"}],"version-history":[{"count":1,"href":"https:\/\/entretormentas.com\/index.php?rest_route=\/wp\/v2\/posts\/15272\/revisions"}],"predecessor-version":[{"id":15276,"href":"https:\/\/entretormentas.com\/index.php?rest_route=\/wp\/v2\/posts\/15272\/revisions\/15276"}],"wp:featuredmedia":[{"embeddable":true,"href":"https:\/\/entretormentas.com\/index.php?rest_route=\/wp\/v2\/media\/15273"}],"wp:attachment":[{"href":"https:\/\/entretormentas.com\/index.php?rest_route=%2Fwp%2Fv2%2Fmedia&parent=15272"}],"wp:term":[{"taxonomy":"category","embeddable":true,"href":"https:\/\/entretormentas.com\/index.php?rest_route=%2Fwp%2Fv2%2Fcategories&post=15272"},{"taxonomy":"post_tag","embeddable":true,"href":"https:\/\/entretormentas.com\/index.php?rest_route=%2Fwp%2Fv2%2Ftags&post=15272"}],"curies":[{"name":"wp","href":"https:\/\/api.w.org\/{rel}","templated":true}]}}