{"id":15290,"date":"2025-04-12T11:48:11","date_gmt":"2025-04-12T09:48:11","guid":{"rendered":"https:\/\/entretormentas.com\/?p=15290"},"modified":"2025-04-12T11:48:12","modified_gmt":"2025-04-12T09:48:12","slug":"el-decimo-tercer-del-ano-llega-otro-vuelo-de-repatriacion-con-191-migrantes-venezolanos","status":"publish","type":"post","link":"https:\/\/entretormentas.com\/el-decimo-tercer-del-ano-llega-otro-vuelo-de-repatriacion-con-191-migrantes-venezolanos\/","title":{"rendered":"\u00a1EL D\u00c9CIMO TERCER DEL A\u00d1O! Llega otro vuelo de repatriaci\u00f3n con 191 migrantes venezolanos"},"content":{"rendered":"\n<p><strong>ENTRE TORMENTAS. <\/strong>El ministro de Transporte, Ram\u00f3n Vel\u00e1squez Araguay\u00e1n, recibi\u00f3 este viernes un nuevo vuelo de repatriaci\u00f3n, el tercero procedente desde Estados Unidos y el d\u00e9cimo tercero en esta nueva etapa del plan Vuelta a la Patria, con 191 migrantes venezolanos.<\/p>\n\n\n\n<p>Desde el Aeropuerto Internacional Sim\u00f3n Bol\u00edvar de Maiquet\u00eda, Vel\u00e1squez Araguay\u00e1n, indic\u00f3 que del total de venezolanos que arribaron al pa\u00eds, 16 son mujeres y 175 son hombres; con lo que se llega ahora a un total de dos mil 557 personas que llegan por medio de este plan dise\u00f1ado por las autoridades.<\/p>\n\n\n\n<p>Indic\u00f3 que, del grupo de personas, solo dos tienen solicitud de arresto internacional por parte de Interpol Colombia, detalla Mundo UR,<\/p>\n\n\n\n<p>Adem\u00e1s, enfatiz\u00f3 que se cumplir\u00e1 el protocolo establecido para atender a quienes llegan al territorio nacional a fin de que puedan ser reinsertados en la sociedad, as\u00ed como tambi\u00e9n se activa el procedimiento para llevar ante la justicia los casos que se requieran.<\/p>\n\n\n\n<p>Este vuelo lleg\u00f3 a pa\u00eds horas despu\u00e9s de que en la tarde del jueves llegara otro con 178 migrantes venezolanos provenientes de Estados Unidos.<\/p>\n\n\n\n<p>\u00abEn el vuelo de hoy vienen 178 venezolanos y venezolanas, de los cuales son 16 mujeres y 162 hombres, llegando a a nuestro pa\u00eds, vienen en un vuelo Estados Unidos \u2013 Honduras \u2013 Venezuela\u00bb, dijo entonces el ministro de Interior y Justicia, Diosdado Cabello desde el Aeropuerto Internacional Sim\u00f3n Bol\u00edvar de Maiquet\u00eda. Insisti\u00f3 en que Estados<\/p>\n\n\n\n<p>Unidos debe respetar los derechos humanos de todos los connacionales detenidos en ese pa\u00eds.<br><strong><em>ET \/ Agencias<\/em><\/strong><\/p>\n\n\n\n<p><\/p>\n","protected":false},"excerpt":{"rendered":"<p>ENTRE TORMENTAS. El ministro de Transporte, Ram\u00f3n Vel\u00e1squez Araguay\u00e1n, recibi\u00f3 este viernes un nuevo vuelo&#8230;<\/p>\n","protected":false},"author":2,"featured_media":15291,"comment_status":"closed","ping_status":"open","sticky":false,"template":"","format":"standard","meta":{"footnotes":""},"categories":[56,49],"tags":[],"class_list":["post-15290","post","type-post","status-publish","format-standard","has-post-thumbnail","hentry","category-destacadas","category-nacionales"],"_links":{"self":[{"href":"https:\/\/entretormentas.com\/index.php?rest_route=\/wp\/v2\/posts\/15290","targetHints":{"allow":["GET"]}}],"collection":[{"href":"https:\/\/entretormentas.com\/index.php?rest_route=\/wp\/v2\/posts"}],"about":[{"href":"https:\/\/entretormentas.com\/index.php?rest_route=\/wp\/v2\/types\/post"}],"author":[{"embeddable":true,"href":"https:\/\/entretormentas.com\/index.php?rest_route=\/wp\/v2\/users\/2"}],"replies":[{"embeddable":true,"href":"https:\/\/entretormentas.com\/index.php?rest_route=%2Fwp%2Fv2%2Fcomments&post=15290"}],"version-history":[{"count":1,"href":"https:\/\/entretormentas.com\/index.php?rest_route=\/wp\/v2\/posts\/15290\/revisions"}],"predecessor-version":[{"id":15292,"href":"https:\/\/entretormentas.com\/index.php?rest_route=\/wp\/v2\/posts\/15290\/revisions\/15292"}],"wp:featuredmedia":[{"embeddable":true,"href":"https:\/\/entretormentas.com\/index.php?rest_route=\/wp\/v2\/media\/15291"}],"wp:attachment":[{"href":"https:\/\/entretormentas.com\/index.php?rest_route=%2Fwp%2Fv2%2Fmedia&parent=15290"}],"wp:term":[{"taxonomy":"category","embeddable":true,"href":"https:\/\/entretormentas.com\/index.php?rest_route=%2Fwp%2Fv2%2Fcategories&post=15290"},{"taxonomy":"post_tag","embeddable":true,"href":"https:\/\/entretormentas.com\/index.php?rest_route=%2Fwp%2Fv2%2Ftags&post=15290"}],"curies":[{"name":"wp","href":"https:\/\/api.w.org\/{rel}","templated":true}]}}