{"id":15293,"date":"2025-04-12T11:50:22","date_gmt":"2025-04-12T09:50:22","guid":{"rendered":"https:\/\/entretormentas.com\/?p=15293"},"modified":"2025-04-12T11:50:23","modified_gmt":"2025-04-12T09:50:23","slug":"nueva-decision-jueza-frena-orden-de-trump-de-revocar-el-parole-humanitario-a-venezolanos","status":"publish","type":"post","link":"https:\/\/entretormentas.com\/nueva-decision-jueza-frena-orden-de-trump-de-revocar-el-parole-humanitario-a-venezolanos\/","title":{"rendered":"\u00a1NUEVA DECISI\u00d3N! Jueza frena orden de Trump de revocar el parole humanitario a venezolanos"},"content":{"rendered":"\n<p><strong>ENTRE TORMENTAS. <\/strong>La jueza federal Indira Talwani se\u00f1al\u00f3 que frenar\u00e1 temporalmente la revocatoria del parole humanitario decretado por el presidente Donald Trump para cientos de migrantes cubanos, haitianos, nicarag\u00fcenses y venezolanos.<\/p>\n\n\n\n<p>\u00abLa secretaria, al acortar el per\u00edodo de \u2018parole\u2019 otorgado a estas personas, debe tener una decisi\u00f3n razonada\u00bb, puntualiz\u00f3 Talwani. Sostuvo que la justificaci\u00f3n para finalizar el programa se bas\u00f3 en una interpretaci\u00f3n incorrecta de la ley por parte del Departamento de Seguridad Nacional (DHS).<\/p>\n\n\n\n<p>Durante la audiencia, la magistrada cuestion\u00f3 reiteradamente el argumento del Gobierno de los Estados Unidos para finalizar el programa el pr\u00f3ximo 24 de abril. Se refiri\u00f3 al argumento de la administraci\u00f3n al defender su facultad para acabar con el parole porque ya no cumpl\u00eda con su prop\u00f3sito. La jueza expres\u00f3 que los migrantes ahora se enfrentaban la opci\u00f3n de \u00abhuir del pa\u00eds\u00bb o quedarse y \u00abarriesgarse a perderlo todo\u00bb.<\/p>\n\n\n\n<p>La medida de la administraci\u00f3n Trump de revocar el parole humanitario afectaba a cerca de 530 mil personas. Este programa fue instaurado por la administraci\u00f3n de Joe Biden en 2022 para los venezolanos y en 2023 incluy\u00f3 a cubanos, nicarag\u00fcenses y haitianos en 2023: permit\u00eda a los migrantes beneficiarios permanecer legalmente en Estados Unidos durante dos a\u00f1os, siempre y cuando tuvieran un patrocinador.<\/p>\n\n\n\n<p>El parole humanitario es una figura legal que \u00abautoriza el permiso de permanencia temporal a una persona que es inadmisible o no elegible para ingresar a Estados Unidos\u00bb, seg\u00fan el Servicio de Inmigraci\u00f3n y Ciudadan\u00eda de Estados Unidos (Uscis, por sus siglas en ingl\u00e9s).<br><strong><em>ET \/ El Regional del Zulia<\/em><\/strong><\/p>\n","protected":false},"excerpt":{"rendered":"<p>ENTRE TORMENTAS. La jueza federal Indira Talwani se\u00f1al\u00f3 que frenar\u00e1 temporalmente la revocatoria del parole&#8230;<\/p>\n","protected":false},"author":2,"featured_media":15294,"comment_status":"closed","ping_status":"open","sticky":false,"template":"","format":"standard","meta":{"footnotes":""},"categories":[56,48],"tags":[],"class_list":["post-15293","post","type-post","status-publish","format-standard","has-post-thumbnail","hentry","category-destacadas","category-internacionales"],"_links":{"self":[{"href":"https:\/\/entretormentas.com\/index.php?rest_route=\/wp\/v2\/posts\/15293","targetHints":{"allow":["GET"]}}],"collection":[{"href":"https:\/\/entretormentas.com\/index.php?rest_route=\/wp\/v2\/posts"}],"about":[{"href":"https:\/\/entretormentas.com\/index.php?rest_route=\/wp\/v2\/types\/post"}],"author":[{"embeddable":true,"href":"https:\/\/entretormentas.com\/index.php?rest_route=\/wp\/v2\/users\/2"}],"replies":[{"embeddable":true,"href":"https:\/\/entretormentas.com\/index.php?rest_route=%2Fwp%2Fv2%2Fcomments&post=15293"}],"version-history":[{"count":1,"href":"https:\/\/entretormentas.com\/index.php?rest_route=\/wp\/v2\/posts\/15293\/revisions"}],"predecessor-version":[{"id":15295,"href":"https:\/\/entretormentas.com\/index.php?rest_route=\/wp\/v2\/posts\/15293\/revisions\/15295"}],"wp:featuredmedia":[{"embeddable":true,"href":"https:\/\/entretormentas.com\/index.php?rest_route=\/wp\/v2\/media\/15294"}],"wp:attachment":[{"href":"https:\/\/entretormentas.com\/index.php?rest_route=%2Fwp%2Fv2%2Fmedia&parent=15293"}],"wp:term":[{"taxonomy":"category","embeddable":true,"href":"https:\/\/entretormentas.com\/index.php?rest_route=%2Fwp%2Fv2%2Fcategories&post=15293"},{"taxonomy":"post_tag","embeddable":true,"href":"https:\/\/entretormentas.com\/index.php?rest_route=%2Fwp%2Fv2%2Ftags&post=15293"}],"curies":[{"name":"wp","href":"https:\/\/api.w.org\/{rel}","templated":true}]}}