{"id":15296,"date":"2025-04-12T11:52:31","date_gmt":"2025-04-12T09:52:31","guid":{"rendered":"https:\/\/entretormentas.com\/?p=15296"},"modified":"2025-04-12T11:52:32","modified_gmt":"2025-04-12T09:52:32","slug":"segun-corpoelec-presos-tres-implicados-en-nuevo-ataque-al-sistema-electrico-nacional","status":"publish","type":"post","link":"https:\/\/entretormentas.com\/segun-corpoelec-presos-tres-implicados-en-nuevo-ataque-al-sistema-electrico-nacional\/","title":{"rendered":"\u00a1SEG\u00daN CORPOELEC! Presos tres implicados en nuevo ataque al Sistema El\u00e9ctrico Nacional"},"content":{"rendered":"\n<p><strong>ENTRE TORMENTAS. <\/strong>La Corporaci\u00f3n El\u00e9ctrica Nacional (Corpoelec), denunci\u00f3 este viernes, que el Sistema El\u00e9ctrico Nacional (SEN), fue v\u00edctima de un nuevo ataque.<\/p>\n\n\n\n<p>En la cuenta en Instagram del Ministerio del Poder Popular para la Energ\u00eda El\u00e9ctrica, se emiti\u00f3 un comunicado, donde el organismo denuncia que \u00abel Sistema El\u00e9ctrico Nacional ha sufrido un nuevo ataque terrorista. No obstante, la situaci\u00f3n fue atendida y de forma inmediata fue recuperado el sistema el\u00e9ctrico\u00bb.<\/p>\n\n\n\n<p>La informaci\u00f3n surge tras reportarse dos fuertes fluctuaciones el\u00e9ctricas en varias zonas del pa\u00eds, pasadas la 1:00 la tarde de este viernes.<\/p>\n\n\n\n<p><strong>IMPLICADOS<\/strong><br>En el texto, se detalla que fueron detenidas tres personas, \u00abquienes han sido identificadas como los causantes de este evento y todo apunta hacia los sectores extremistas de la derecha venezolana que quieren perjudicar el asueto de la Semana Santa\u00bb.<\/p>\n\n\n\n<p>As\u00ed mismo, se abri\u00f3 un proceso de investigaci\u00f3n en conjunto con el Ministerio de Interior, Justicia y Paz, as\u00ed como los diferentes organismos para iniciar una averiguaci\u00f3n exhaustiva del evento.<br><strong><em>ET \/ Agencias<\/em><\/strong><\/p>\n","protected":false},"excerpt":{"rendered":"<p>ENTRE TORMENTAS. La Corporaci\u00f3n El\u00e9ctrica Nacional (Corpoelec), denunci\u00f3 este viernes, que el Sistema El\u00e9ctrico Nacional&#8230;<\/p>\n","protected":false},"author":2,"featured_media":15297,"comment_status":"closed","ping_status":"open","sticky":false,"template":"","format":"standard","meta":{"footnotes":""},"categories":[56,49],"tags":[],"class_list":["post-15296","post","type-post","status-publish","format-standard","has-post-thumbnail","hentry","category-destacadas","category-nacionales"],"_links":{"self":[{"href":"https:\/\/entretormentas.com\/index.php?rest_route=\/wp\/v2\/posts\/15296","targetHints":{"allow":["GET"]}}],"collection":[{"href":"https:\/\/entretormentas.com\/index.php?rest_route=\/wp\/v2\/posts"}],"about":[{"href":"https:\/\/entretormentas.com\/index.php?rest_route=\/wp\/v2\/types\/post"}],"author":[{"embeddable":true,"href":"https:\/\/entretormentas.com\/index.php?rest_route=\/wp\/v2\/users\/2"}],"replies":[{"embeddable":true,"href":"https:\/\/entretormentas.com\/index.php?rest_route=%2Fwp%2Fv2%2Fcomments&post=15296"}],"version-history":[{"count":1,"href":"https:\/\/entretormentas.com\/index.php?rest_route=\/wp\/v2\/posts\/15296\/revisions"}],"predecessor-version":[{"id":15298,"href":"https:\/\/entretormentas.com\/index.php?rest_route=\/wp\/v2\/posts\/15296\/revisions\/15298"}],"wp:featuredmedia":[{"embeddable":true,"href":"https:\/\/entretormentas.com\/index.php?rest_route=\/wp\/v2\/media\/15297"}],"wp:attachment":[{"href":"https:\/\/entretormentas.com\/index.php?rest_route=%2Fwp%2Fv2%2Fmedia&parent=15296"}],"wp:term":[{"taxonomy":"category","embeddable":true,"href":"https:\/\/entretormentas.com\/index.php?rest_route=%2Fwp%2Fv2%2Fcategories&post=15296"},{"taxonomy":"post_tag","embeddable":true,"href":"https:\/\/entretormentas.com\/index.php?rest_route=%2Fwp%2Fv2%2Ftags&post=15296"}],"curies":[{"name":"wp","href":"https:\/\/api.w.org\/{rel}","templated":true}]}}