{"id":15303,"date":"2025-04-12T12:22:11","date_gmt":"2025-04-12T10:22:11","guid":{"rendered":"https:\/\/entretormentas.com\/?p=15303"},"modified":"2025-04-12T12:22:12","modified_gmt":"2025-04-12T10:22:12","slug":"con-apoyo-de-ad-y-varios-partidos-ely-ramon-atencio-formaliza-su-postulacion-a-la-gobernacion-del-zulia","status":"publish","type":"post","link":"https:\/\/entretormentas.com\/con-apoyo-de-ad-y-varios-partidos-ely-ramon-atencio-formaliza-su-postulacion-a-la-gobernacion-del-zulia\/","title":{"rendered":"\u00a1CON APOYO DE AD Y VARIOS PARTIDOS! Ely Ram\u00f3n Atencio formaliza su postulaci\u00f3n a la Gobernaci\u00f3n del Zulia"},"content":{"rendered":"\n<p><strong>ENTRE TORMENTAS.<\/strong> Con alegr\u00eda y un profundo sentido de esperanza Ely Ram\u00f3n Atencio confirm\u00f3 su postulaci\u00f3n a la Gobernaci\u00f3n del Zulia. \u00abEste momento marca un hito significativo en nuestra lucha por un futuro mejor, donde la unidad y el compromiso con el pueblo se convierten en los pilares fundamentales de nuestra propuesta\u00bb, expres\u00f3 el actual alcalde del municipio Rosario de Perij\u00e1 a trav\u00e9s de una nota de prensa.<\/p>\n\n\n\n<p>En el comunicado de prensa se recalca que Ely Ram\u00f3n Atencio \u00abes un l\u00edder comprometido, un hombre de principios que ha dedicado su vida al servicio de la comunidad\u00bb. Adem\u00e1s destacan en el escrito que cuenta con una trayectoria marcada por un incansable trabajo en pro del bienestar de los zulianos. \u00abSu visi\u00f3n clara y su capacidad de liderazgo son cualidades que lo posicionan como el candidato ideal para guiar al Zulia hacia un camino de progreso y desarrollo\u00bb.<\/p>\n\n\n\n<p><strong>RESPALDO POL\u00cdTICO<\/strong><br>La postulaci\u00f3n de Atencio cuenta con el respaldo de Acci\u00f3n Democr\u00e1tica y una coalici\u00f3n de partidos aliados que comparten su visi\u00f3n de un Zulia pr\u00f3spero y en paz.<\/p>\n\n\n\n<p>Entre los partidos y movimientos pol\u00edticos se encuentran COPEI, Avanzada Progresista, El Cambio, Cambiemos, Primero Venezuela, Primero Justicia, Venezuela Unida, Voluntad Popular, Arepa Digital, Unidad Visi\u00f3n Venezuela, Soluciones para Venezuela y UNE.<\/p>\n\n\n\n<p>Quienes acompa\u00f1an esta alianza consideran que este movimiento es un testimonio de que, a pesar de las diferencias, se puede trabajar de forma conjunta por un objetivo com\u00fan que es \u00abel bienestar del pueblo zuliano\u00bb.<\/p>\n\n\n\n<figure class=\"wp-block-image size-full\"><img fetchpriority=\"high\" decoding=\"async\" width=\"681\" height=\"409\" src=\"https:\/\/entretormentas.com\/wp-content\/uploads\/2025\/04\/image-153.png\" alt=\"\" class=\"wp-image-15202\" srcset=\"https:\/\/entretormentas.com\/wp-content\/uploads\/2025\/04\/image-153.png 681w, https:\/\/entretormentas.com\/wp-content\/uploads\/2025\/04\/image-153-300x180.png 300w\" sizes=\"(max-width: 681px) 100vw, 681px\" \/><\/figure>\n\n\n\n<p><strong>PROYECTO TRANSFORMADOR<\/strong><br>En el comunicado de prensa se explic\u00f3 que la postulaci\u00f3n de Ely Ram\u00f3n Atencio no es solo un acto pol\u00edtico. \u00abEs el inicio de un proyecto transformador que tiene como eje central la participaci\u00f3n ciudadana\u00bb, reza el escrito donde se detalla su propuesta gubernamental.<\/p>\n\n\n\n<ul class=\"wp-block-list\">\n<li>Mejorar los servicios p\u00fablicos: Asegurando un acceso eficiente y de calidad a la electricidad, agua potable y transporte.<\/li>\n\n\n\n<li>Fomentar la educaci\u00f3n: Implementando programas que garanticen una educaci\u00f3n de calidad para todos los ni\u00f1os y j\u00f3venes del estado.<\/li>\n\n\n\n<li>Impulsar la econom\u00eda local: Crear\u00e1 iniciativas que promuevan el emprendimiento y la inversi\u00f3n en la regi\u00f3n, generando empleo y oportunidades.<\/li>\n\n\n\n<li>Cuidar nuestra salud: Reforzar\u00e1 el sistema de salud, asegurando que cada ciudadano tenga acceso a atenci\u00f3n m\u00e9dica digna y oportuna.<\/li>\n<\/ul>\n\n\n\n<p><strong>LLAMADO A LA ACCI\u00d3N<\/strong><br>En el comunicado se hace un llamado a todos los zulianos para que se sumen a esa gran cruzada. \u00abLa participaci\u00f3n de cada uno es esencial para lograr un cambio verdadero. Juntos, podemos construir un Zulia donde cada voz sea escuchada y cada sue\u00f1o, una realidad\u00bb, destaca el texto.<\/p>\n\n\n\n<p>\u00abLa postulaci\u00f3n de Ely Ram\u00f3n Atencio a la Gobernaci\u00f3n del Estado Zulia es un motivo de celebraci\u00f3n y esperanza. Con la fuerza de la unidad y el compromiso de todos, estamos seguros de que podemos lograr un futuro brillante para nuestra tierra. \u00a1Vamos juntos hacia la victoria!\u00bb, concluye el escrito.<br><strong><em>ET \/ Nota de Prensa<\/em><\/strong><\/p>\n\n\n\n<p><\/p>\n","protected":false},"excerpt":{"rendered":"<p>ENTRE TORMENTAS. Con alegr\u00eda y un profundo sentido de esperanza Ely Ram\u00f3n Atencio confirm\u00f3 su&#8230;<\/p>\n","protected":false},"author":2,"featured_media":15304,"comment_status":"closed","ping_status":"open","sticky":false,"template":"","format":"standard","meta":{"footnotes":""},"categories":[57,1],"tags":[],"class_list":["post-15303","post","type-post","status-publish","format-standard","has-post-thumbnail","hentry","category-actualidad","category-regionales"],"_links":{"self":[{"href":"https:\/\/entretormentas.com\/index.php?rest_route=\/wp\/v2\/posts\/15303","targetHints":{"allow":["GET"]}}],"collection":[{"href":"https:\/\/entretormentas.com\/index.php?rest_route=\/wp\/v2\/posts"}],"about":[{"href":"https:\/\/entretormentas.com\/index.php?rest_route=\/wp\/v2\/types\/post"}],"author":[{"embeddable":true,"href":"https:\/\/entretormentas.com\/index.php?rest_route=\/wp\/v2\/users\/2"}],"replies":[{"embeddable":true,"href":"https:\/\/entretormentas.com\/index.php?rest_route=%2Fwp%2Fv2%2Fcomments&post=15303"}],"version-history":[{"count":1,"href":"https:\/\/entretormentas.com\/index.php?rest_route=\/wp\/v2\/posts\/15303\/revisions"}],"predecessor-version":[{"id":15305,"href":"https:\/\/entretormentas.com\/index.php?rest_route=\/wp\/v2\/posts\/15303\/revisions\/15305"}],"wp:featuredmedia":[{"embeddable":true,"href":"https:\/\/entretormentas.com\/index.php?rest_route=\/wp\/v2\/media\/15304"}],"wp:attachment":[{"href":"https:\/\/entretormentas.com\/index.php?rest_route=%2Fwp%2Fv2%2Fmedia&parent=15303"}],"wp:term":[{"taxonomy":"category","embeddable":true,"href":"https:\/\/entretormentas.com\/index.php?rest_route=%2Fwp%2Fv2%2Fcategories&post=15303"},{"taxonomy":"post_tag","embeddable":true,"href":"https:\/\/entretormentas.com\/index.php?rest_route=%2Fwp%2Fv2%2Ftags&post=15303"}],"curies":[{"name":"wp","href":"https:\/\/api.w.org\/{rel}","templated":true}]}}