{"id":15306,"date":"2025-04-12T21:01:08","date_gmt":"2025-04-12T19:01:08","guid":{"rendered":"https:\/\/entretormentas.com\/?p=15306"},"modified":"2025-04-12T21:01:09","modified_gmt":"2025-04-12T19:01:09","slug":"apoyo-total-voluntariado-unidos-por-el-zulia-acompano-a-rosales-a-inscribir-su-candidatura","status":"publish","type":"post","link":"https:\/\/entretormentas.com\/apoyo-total-voluntariado-unidos-por-el-zulia-acompano-a-rosales-a-inscribir-su-candidatura\/","title":{"rendered":"\u00a1APOYO TOTAL! \u200eVoluntariado Unidos por el Zulia acompa\u00f1\u00f3 a Rosales a inscribir su candidatura"},"content":{"rendered":"\n<p><br>\u200e<strong>ENTRE TORMENTAS.<\/strong> \u200eEste s\u00e1bado 12 de abril, el voluntariado \u00abUnidos por el Zulia\u00bb, form\u00f3 parte de una multitudinaria marcha, la cual acompa\u00f1\u00f3 al actual gobernador del estado Zulia Manuel Rosales Guerrero, al acto oficial de inscripci\u00f3n de su candidatura a la reelecci\u00f3n como primer mandatario regional en las pr\u00f3ximas elecciones programadas para el 25 de mayo.<\/p>\n\n\n\n<figure class=\"wp-block-image size-large\"><img fetchpriority=\"high\" decoding=\"async\" width=\"683\" height=\"1024\" src=\"https:\/\/entretormentas.com\/wp-content\/uploads\/2025\/04\/image-200-683x1024.png\" alt=\"\" class=\"wp-image-15307\" srcset=\"https:\/\/entretormentas.com\/wp-content\/uploads\/2025\/04\/image-200-683x1024.png 683w, https:\/\/entretormentas.com\/wp-content\/uploads\/2025\/04\/image-200-200x300.png 200w, https:\/\/entretormentas.com\/wp-content\/uploads\/2025\/04\/image-200.png 720w\" sizes=\"(max-width: 683px) 100vw, 683px\" \/><\/figure>\n\n\n\n<p><br>\u200eEl segundo vicepresidente de este voluntariado, Juan Carlos Fern\u00e1ndez, expres\u00f3 que esta es la muestra m\u00e1s fiel de un pueblo que quiere mantener una gesti\u00f3n que ha salvado al estado de la oscuridad, trayendo progreso, bienestar y transformaci\u00f3n a todos los zulianos, y quienes est\u00e1n dispuestos a respaldar y a darle continuidad a la gesti\u00f3n de Manuel Rosales Guerrero.<br>\u200e<br>\u200e\u00bbAqu\u00ed estamos todos unidos, los diferentes partidos pol\u00edticos, la sociedad civil, los estudiantes, los trabajadores, los pensionados, los gremios y todas esas voluntades que sin duda alguna mantendr\u00e1n esta gesti\u00f3n del l\u00edder del Zulia como punta de lanza y ejemplo para toda Venezuela\u00bb, declar\u00f3 Fern\u00e1ndez.<\/p>\n\n\n\n<figure class=\"wp-block-image size-large\"><img decoding=\"async\" width=\"1024\" height=\"682\" src=\"https:\/\/entretormentas.com\/wp-content\/uploads\/2025\/04\/image-202-1024x682.png\" alt=\"\" class=\"wp-image-15309\" srcset=\"https:\/\/entretormentas.com\/wp-content\/uploads\/2025\/04\/image-202-1024x682.png 1024w, https:\/\/entretormentas.com\/wp-content\/uploads\/2025\/04\/image-202-300x200.png 300w, https:\/\/entretormentas.com\/wp-content\/uploads\/2025\/04\/image-202-768x511.png 768w, https:\/\/entretormentas.com\/wp-content\/uploads\/2025\/04\/image-202.png 1080w\" sizes=\"(max-width: 1024px) 100vw, 1024px\" \/><\/figure>\n\n\n\n<p><br>\u200eAdem\u00e1s, el periodista y luchador social, aprovech\u00f3 la oportunidad para hacer un llamado a la participaci\u00f3n ciudadana en estas elecciones a trav\u00e9s del voto, ya que es la herramienta m\u00e1s poderosa para mantener la democracia, e invit\u00f3 a reelegir la mejor opci\u00f3n que es Manuel Rosales como gobernador del estado Zulia.<br><strong><em>\u200eET \/ Nota de Prensa<\/em><\/strong><\/p>\n\n\n\n<p><\/p>\n","protected":false},"excerpt":{"rendered":"<p>\u200eENTRE TORMENTAS. \u200eEste s\u00e1bado 12 de abril, el voluntariado \u00abUnidos por el Zulia\u00bb, form\u00f3 parte&#8230;<\/p>\n","protected":false},"author":2,"featured_media":15308,"comment_status":"closed","ping_status":"open","sticky":false,"template":"","format":"standard","meta":{"footnotes":""},"categories":[57,1],"tags":[],"class_list":["post-15306","post","type-post","status-publish","format-standard","has-post-thumbnail","hentry","category-actualidad","category-regionales"],"_links":{"self":[{"href":"https:\/\/entretormentas.com\/index.php?rest_route=\/wp\/v2\/posts\/15306","targetHints":{"allow":["GET"]}}],"collection":[{"href":"https:\/\/entretormentas.com\/index.php?rest_route=\/wp\/v2\/posts"}],"about":[{"href":"https:\/\/entretormentas.com\/index.php?rest_route=\/wp\/v2\/types\/post"}],"author":[{"embeddable":true,"href":"https:\/\/entretormentas.com\/index.php?rest_route=\/wp\/v2\/users\/2"}],"replies":[{"embeddable":true,"href":"https:\/\/entretormentas.com\/index.php?rest_route=%2Fwp%2Fv2%2Fcomments&post=15306"}],"version-history":[{"count":1,"href":"https:\/\/entretormentas.com\/index.php?rest_route=\/wp\/v2\/posts\/15306\/revisions"}],"predecessor-version":[{"id":15310,"href":"https:\/\/entretormentas.com\/index.php?rest_route=\/wp\/v2\/posts\/15306\/revisions\/15310"}],"wp:featuredmedia":[{"embeddable":true,"href":"https:\/\/entretormentas.com\/index.php?rest_route=\/wp\/v2\/media\/15308"}],"wp:attachment":[{"href":"https:\/\/entretormentas.com\/index.php?rest_route=%2Fwp%2Fv2%2Fmedia&parent=15306"}],"wp:term":[{"taxonomy":"category","embeddable":true,"href":"https:\/\/entretormentas.com\/index.php?rest_route=%2Fwp%2Fv2%2Fcategories&post=15306"},{"taxonomy":"post_tag","embeddable":true,"href":"https:\/\/entretormentas.com\/index.php?rest_route=%2Fwp%2Fv2%2Ftags&post=15306"}],"curies":[{"name":"wp","href":"https:\/\/api.w.org\/{rel}","templated":true}]}}