{"id":15317,"date":"2025-04-13T12:41:49","date_gmt":"2025-04-13T10:41:49","guid":{"rendered":"https:\/\/entretormentas.com\/?p=15317"},"modified":"2025-04-13T12:41:50","modified_gmt":"2025-04-13T10:41:50","slug":"hasta-despues-de-semana-santa-suspendida-la-primera-expo-seguridad-maracaibo-2025","status":"publish","type":"post","link":"https:\/\/entretormentas.com\/hasta-despues-de-semana-santa-suspendida-la-primera-expo-seguridad-maracaibo-2025\/","title":{"rendered":"\u00a1HASTA DESPU\u00c9S DE SEMANA SANTA! Suspendida la primera Expo Seguridad Maracaibo 2025"},"content":{"rendered":"\n<p><strong>ENTRE TORMENTAS.<\/strong> La Alcald\u00eda de Maracaibo a trav\u00e9s de la Direcci\u00f3n de Seguridad Ciudadana informa que la primera la primera edici\u00f3n de 2025 de la Expo Seguridad queda suspendida hasta despu\u00e9s de Semana Santa.<\/p>\n\n\n\n<p>Esta importante actividad que estaba pautada para el domingo 13 de abril se instalar\u00e1 en la Vereda del Lago despu\u00e9s de este importante asueto, con el prop\u00f3sito de continuar acercando a la ciudadan\u00eda con los organismos de seguridad y prevenci\u00f3n del municipio.<\/p>\n\n\n\n<p>Aldrin Parra, director de Seguridad Ciudadana, se excus\u00f3 por la suspensi\u00f3n del evento y destac\u00f3 su importancia mencionado que se estrechan lazos entre los organismos de seguridad y los marabinos.<\/p>\n\n\n\n<p>El comisario aprovech\u00f3 para hacer un llamado a la consciencia a los marabinos para esta temporada, recordando el cumpliendo de las normas de tr\u00e1nsito y evitar la ingesta de bebidas alcoh\u00f3licas cuando se maneja.<br><strong><em>ET \/ DCI Alcald\u00eda de Maracaibo<\/em><\/strong><\/p>\n","protected":false},"excerpt":{"rendered":"<p>ENTRE TORMENTAS. La Alcald\u00eda de Maracaibo a trav\u00e9s de la Direcci\u00f3n de Seguridad Ciudadana informa&#8230;<\/p>\n","protected":false},"author":2,"featured_media":15267,"comment_status":"closed","ping_status":"open","sticky":false,"template":"","format":"standard","meta":{"footnotes":""},"categories":[57,1],"tags":[],"class_list":["post-15317","post","type-post","status-publish","format-standard","has-post-thumbnail","hentry","category-actualidad","category-regionales"],"_links":{"self":[{"href":"https:\/\/entretormentas.com\/index.php?rest_route=\/wp\/v2\/posts\/15317","targetHints":{"allow":["GET"]}}],"collection":[{"href":"https:\/\/entretormentas.com\/index.php?rest_route=\/wp\/v2\/posts"}],"about":[{"href":"https:\/\/entretormentas.com\/index.php?rest_route=\/wp\/v2\/types\/post"}],"author":[{"embeddable":true,"href":"https:\/\/entretormentas.com\/index.php?rest_route=\/wp\/v2\/users\/2"}],"replies":[{"embeddable":true,"href":"https:\/\/entretormentas.com\/index.php?rest_route=%2Fwp%2Fv2%2Fcomments&post=15317"}],"version-history":[{"count":1,"href":"https:\/\/entretormentas.com\/index.php?rest_route=\/wp\/v2\/posts\/15317\/revisions"}],"predecessor-version":[{"id":15318,"href":"https:\/\/entretormentas.com\/index.php?rest_route=\/wp\/v2\/posts\/15317\/revisions\/15318"}],"wp:featuredmedia":[{"embeddable":true,"href":"https:\/\/entretormentas.com\/index.php?rest_route=\/wp\/v2\/media\/15267"}],"wp:attachment":[{"href":"https:\/\/entretormentas.com\/index.php?rest_route=%2Fwp%2Fv2%2Fmedia&parent=15317"}],"wp:term":[{"taxonomy":"category","embeddable":true,"href":"https:\/\/entretormentas.com\/index.php?rest_route=%2Fwp%2Fv2%2Fcategories&post=15317"},{"taxonomy":"post_tag","embeddable":true,"href":"https:\/\/entretormentas.com\/index.php?rest_route=%2Fwp%2Fv2%2Ftags&post=15317"}],"curies":[{"name":"wp","href":"https:\/\/api.w.org\/{rel}","templated":true}]}}