{"id":15319,"date":"2025-04-13T12:44:38","date_gmt":"2025-04-13T10:44:38","guid":{"rendered":"https:\/\/entretormentas.com\/?p=15319"},"modified":"2025-04-13T12:44:38","modified_gmt":"2025-04-13T10:44:38","slug":"instalaciones-renovadas-terminal-de-maracaibo-preparado-para-la-semana-santa-segura-2025","status":"publish","type":"post","link":"https:\/\/entretormentas.com\/instalaciones-renovadas-terminal-de-maracaibo-preparado-para-la-semana-santa-segura-2025\/","title":{"rendered":"\u00a1INSTALACIONES RENOVADAS! Terminal de Maracaibo preparado para la Semana Santa Segura 2025"},"content":{"rendered":"\n<p><strong>ENTRE TORMENTAS. <\/strong>Desde ayer 11 de abril hasta el domingo 20, el Terminal de Maracaibo tiene todo listo para la Semana Santa Segura 2025, garantizando atenci\u00f3n continua para todos los usuarios. Adem\u00e1s, diversas organizaciones que hacen vida en el terminal estar\u00e1n desplegadas en el operativo, ofreciendo apoyo integral y servicios de calidad.<\/p>\n\n\n\n<p>Rodmar Urdaneta, director del Servicio Desconcentrado Terminal de Pasajeros de Maracaibo (SEDETEMA), expres\u00f3 que se implementaron estrategias para garantizar una experiencia satisfactoria para todos los viajeros que hacen uso de las instalaciones.<\/p>\n\n\n\n<p>\u201cComo todos los a\u00f1os queremos seguir brindando a los usuarios una experiencia tranquila y segura. Hemos reforzado la seguridad y habilitado nuevos espacios para atender la alta demanda, asegur\u00e1ndonos de que todos los viajeros reciban el apoyo necesario durante los d\u00edas de asueto\u201d, destac\u00f3.<\/p>\n\n\n\n<p>Urdaneta recalc\u00f3 que el terminal estar\u00e1 operativo durante la Semana Santa, ofreciendo instalaciones seguras, servicios de calidad y una atenci\u00f3n personalizada.<\/p>\n\n\n\n<figure class=\"wp-block-image size-large\"><img fetchpriority=\"high\" decoding=\"async\" width=\"1024\" height=\"576\" src=\"https:\/\/entretormentas.com\/wp-content\/uploads\/2025\/04\/image-208-1024x576.png\" alt=\"\" class=\"wp-image-15321\" srcset=\"https:\/\/entretormentas.com\/wp-content\/uploads\/2025\/04\/image-208-1024x576.png 1024w, https:\/\/entretormentas.com\/wp-content\/uploads\/2025\/04\/image-208-300x169.png 300w, https:\/\/entretormentas.com\/wp-content\/uploads\/2025\/04\/image-208-768x432.png 768w, https:\/\/entretormentas.com\/wp-content\/uploads\/2025\/04\/image-208.png 1280w\" sizes=\"(max-width: 1024px) 100vw, 1024px\" \/><\/figure>\n\n\n\n<p>Asimismo, Clarett P\u00e9rez, joven de 20 a\u00f1os que viaja de Maracaibo a Sanare, en el estado Lara, para participar durante las actividades religiosas en la Semana Mayor, expres\u00f3: \u201cSoy una joven misionera, pertenezco un grupo juvenil, Juventud Mariana Vicentina y todos los a\u00f1os viajo durante estas fechas a distintos estados, siempre utilizo el terminal para viajar\u201d.<\/p>\n\n\n\n<p>Del mismo modo, Carla Mart\u00ednez, estudiante de 28 a\u00f1os en la Universidad de los Andes, que lleg\u00f3 a Maracaibo a pasar los d\u00edas libres con su mam\u00e1, expres\u00f3 que cada vez que recurre a los servicios del terminal tiene una agradable experiencia.<\/p>\n\n\n\n<p>\u201cCuando viajo la mayor\u00eda de las veces lo hago en carro particular, pero las veces que he viajado por el Terminal de Maracaibo la experiencia ha sido f\u00e1cil y c\u00f3moda\u201d, mencion\u00f3.<\/p>\n\n\n\n<p>Por otro lado, Asdr\u00fabal G\u00f3mez, de 25 a\u00f1os, que viaja a Punto Fijo, estado Falc\u00f3n con su grupo de amigos a disfrutar de las playas, manifest\u00f3: \u201cPrimera vez que viajamos as\u00ed en temporada y utilizamos las instalaciones del terminal, pero me parece un lugar de calidad y con instalaciones modernas\u201d.<br><strong><em>ET \/ DCI Alcald\u00eda de Maracaibo<\/em><\/strong><\/p>\n\n\n\n<p><\/p>\n","protected":false},"excerpt":{"rendered":"<p>ENTRE TORMENTAS. Desde ayer 11 de abril hasta el domingo 20, el Terminal de Maracaibo&#8230;<\/p>\n","protected":false},"author":2,"featured_media":15320,"comment_status":"closed","ping_status":"open","sticky":false,"template":"","format":"standard","meta":{"footnotes":""},"categories":[57,1],"tags":[],"class_list":["post-15319","post","type-post","status-publish","format-standard","has-post-thumbnail","hentry","category-actualidad","category-regionales"],"_links":{"self":[{"href":"https:\/\/entretormentas.com\/index.php?rest_route=\/wp\/v2\/posts\/15319","targetHints":{"allow":["GET"]}}],"collection":[{"href":"https:\/\/entretormentas.com\/index.php?rest_route=\/wp\/v2\/posts"}],"about":[{"href":"https:\/\/entretormentas.com\/index.php?rest_route=\/wp\/v2\/types\/post"}],"author":[{"embeddable":true,"href":"https:\/\/entretormentas.com\/index.php?rest_route=\/wp\/v2\/users\/2"}],"replies":[{"embeddable":true,"href":"https:\/\/entretormentas.com\/index.php?rest_route=%2Fwp%2Fv2%2Fcomments&post=15319"}],"version-history":[{"count":1,"href":"https:\/\/entretormentas.com\/index.php?rest_route=\/wp\/v2\/posts\/15319\/revisions"}],"predecessor-version":[{"id":15322,"href":"https:\/\/entretormentas.com\/index.php?rest_route=\/wp\/v2\/posts\/15319\/revisions\/15322"}],"wp:featuredmedia":[{"embeddable":true,"href":"https:\/\/entretormentas.com\/index.php?rest_route=\/wp\/v2\/media\/15320"}],"wp:attachment":[{"href":"https:\/\/entretormentas.com\/index.php?rest_route=%2Fwp%2Fv2%2Fmedia&parent=15319"}],"wp:term":[{"taxonomy":"category","embeddable":true,"href":"https:\/\/entretormentas.com\/index.php?rest_route=%2Fwp%2Fv2%2Fcategories&post=15319"},{"taxonomy":"post_tag","embeddable":true,"href":"https:\/\/entretormentas.com\/index.php?rest_route=%2Fwp%2Fv2%2Ftags&post=15319"}],"curies":[{"name":"wp","href":"https:\/\/api.w.org\/{rel}","templated":true}]}}