{"id":15323,"date":"2025-04-13T12:50:47","date_gmt":"2025-04-13T10:50:47","guid":{"rendered":"https:\/\/entretormentas.com\/?p=15323"},"modified":"2025-04-13T12:50:48","modified_gmt":"2025-04-13T10:50:48","slug":"nora-bracho-encabeza-la-lista-oposicion-en-el-zulia-inscribe-sus-candidatos-a-la-an-y-al-clezulia","status":"publish","type":"post","link":"https:\/\/entretormentas.com\/nora-bracho-encabeza-la-lista-oposicion-en-el-zulia-inscribe-sus-candidatos-a-la-an-y-al-clezulia\/","title":{"rendered":"\u00a1NORA BRACHO ENCABEZA LA LISTA! Oposici\u00f3n en el Zulia inscribe sus candidatos a la AN y al Clezulia"},"content":{"rendered":"\n<p><strong>ENTRE TORMENTAS. <\/strong>Este s\u00e1bado 12 de abril, Nora Bracho, presidenta de Un Nuevo Tiempo Zulia, se inscribi\u00f3 oficialmente como candidata a la Asamblea Nacional (AN) ante el Consejo Nacional Electoral (CNE) y anunci\u00f3 los nombres de los aspirantes al Parlamento nacional y al Consejo Legislativo del Estado Zulia (CLEZ).<\/p>\n\n\n\n<p>Bracho acompa\u00f1o la masiva movilizaci\u00f3n de la \u201cmarea azul\u201d, encabezada por el l\u00edder de los zulianos, Manuel Rosales Guerrero, gobernador del estado Zulia, quien tambi\u00e9n inscribi\u00f3 su candidatura a la reelecci\u00f3n en los pr\u00f3ximos comicios del 25 de mayo.<\/p>\n\n\n\n<figure class=\"wp-block-image size-large\"><img fetchpriority=\"high\" decoding=\"async\" width=\"1024\" height=\"765\" src=\"https:\/\/entretormentas.com\/wp-content\/uploads\/2025\/04\/image-210-1024x765.png\" alt=\"\" class=\"wp-image-15325\" srcset=\"https:\/\/entretormentas.com\/wp-content\/uploads\/2025\/04\/image-210-1024x765.png 1024w, https:\/\/entretormentas.com\/wp-content\/uploads\/2025\/04\/image-210-300x224.png 300w, https:\/\/entretormentas.com\/wp-content\/uploads\/2025\/04\/image-210-768x574.png 768w, https:\/\/entretormentas.com\/wp-content\/uploads\/2025\/04\/image-210.png 1280w\" sizes=\"(max-width: 1024px) 100vw, 1024px\" \/><\/figure>\n\n\n\n<p>Desde las afueras del CNE, Bracho reafirm\u00f3 su compromiso con el futuro de Zulia y de toda Venezuela. \u00abDamos un paso al frente en defensa de los zulianos y por todos los venezolanos que quieren un cambio\u00bb, expres\u00f3 con determinaci\u00f3n la dirigente regional, aludiendo a la lucha constante por un pa\u00eds lleno de oportunidades.<\/p>\n\n\n\n<p>La presidenta de Un Nuevo Tiempo destac\u00f3 la necesidad de respeto, incluso entre aquellos que piensan de manera distinta. \u00abRespetamos a los que piensan distinto, pero tambi\u00e9n queremos que nos respeten este derecho de seguir luchando por nuestro estado y pa\u00eds\u00bb, dijo, haciendo hincapi\u00e9 en que el objetivo sigue siendo construir un Zulia y una Venezuela m\u00e1s pr\u00f3spera para los venezolanos.<\/p>\n\n\n\n<p>Adem\u00e1s, hizo un llamado a los ciudadanos a usar el voto como herramienta para el cambio. \u00abEl cambio se puede generar tambi\u00e9n desde el voto, porque el voto es nuestra herramienta, la \u00fanica arma que tenemos los ciudadanos c\u00edvicos\u00bb, afirm\u00f3.<\/p>\n\n\n\n<p>La titular de la Casita en la entidad tambi\u00e9n expres\u00f3 su deseo de que, al igual que en Zulia, hombres y mujeres en toda Venezuela se sumen al esfuerzo por defender sus estados y comunidades. \u00abNosotros asumimos este reto aqu\u00ed en el estado Zulia, esperamos que en toda Venezuela tambi\u00e9n\u00bb, a\u00f1adi\u00f3.<\/p>\n\n\n\n<p>Finalmente, hizo un llamado a la preservaci\u00f3n de los logros alcanzados en Zulia. \u00abNo podemos regalar lo que tanto nos ha costado recuperar. Este estado tuvo una gran transformaci\u00f3n. Este estado cambi\u00f3 y queremos seguir avanzando en el Zulia de oportunidades\u00bb, concluy\u00f3.<\/p>\n\n\n\n<p><strong>CANDIDATOS A LA AN<\/strong><\/p>\n\n\n\n<ul class=\"wp-block-list\">\n<li><strong>LISTA:<\/strong><\/li>\n<\/ul>\n\n\n\n<ol class=\"wp-block-list\">\n<li>Nora Bracho<br>2.Carlos Dickson<\/li>\n\n\n\n<li>\u00c1ngel Emiro Vera<\/li>\n\n\n\n<li>Jes\u00fas Govea<\/li>\n\n\n\n<li>Juan Carlos Fern\u00e1ndez<\/li>\n\n\n\n<li>Alejandra Rodr\u00edguez<\/li>\n\n\n\n<li>Gualberto Mas y Rub\u00ed<\/li>\n\n\n\n<li>Manuel Garc\u00eda<\/li>\n\n\n\n<li>Alfredo Chac\u00edn<\/li>\n\n\n\n<li>Geovanny Finol<\/li>\n\n\n\n<li>Orlando Medina<\/li>\n\n\n\n<li>Zulia R\u00edos<\/li>\n\n\n\n<li>Kendrina Torres<\/li>\n\n\n\n<li>Ruth Guerrero<\/li>\n\n\n\n<li>Yohanna Bosc\u00e1n<\/li>\n\n\n\n<li>Kevin Ter\u00e1n<\/li>\n\n\n\n<li>Yadira Vera<\/li>\n\n\n\n<li>Jos\u00e9 Flores<\/li>\n\n\n\n<li>Mery Pirela<\/li>\n\n\n\n<li>Manuel Paredes.<br>Indigena: Antonio Fern\u00e1ndez<\/li>\n<\/ol>\n\n\n\n<p><strong>CANDIDATOS CIRCUITALES<\/strong><\/p>\n\n\n\n<ul class=\"wp-block-list\">\n<li>Circuito 1 (Rosario de Perij\u00e1, Machiques y Jes\u00fas Mar\u00eda Sempr\u00fam)<br>Luis Miguel Barboza \/ Loli Guti\u00e9rrez<\/li>\n\n\n\n<li>Circuito 2 (Jes\u00fas Enrique Lossada, La Ca\u00f1ada de Urdaneta)<br>Linda Leal \/ Rosa Villasmil<\/li>\n\n\n\n<li>Circuito 3 (Mara, Guajira y Almirante Padilla)<br>Salvador Spinello \/ Jos\u00e9 Mar\u00edn<\/li>\n\n\n\n<li>Circuito 4 (Venancio Pulgar, Idelfonzo V\u00e1squez y Antonio Borjas Romero)<br>Luis Cabrera \/ Victoria Silva<\/li>\n\n\n\n<li>Circuito 5 (Juana de \u00c1vila, Olegario Villalobos, Coquivacoa<br>Ezio Angelini \/ Onella Ocando<\/li>\n\n\n\n<li>Circuito 6 (Ra\u00fal Leoni, Caracciolo Parra P\u00e9rez, Chiquinquir\u00e1, Bol\u00edvar, Santa Luc\u00eda)<br>Gladys Socorro\/ Horacio Mar\u00edn<\/li>\n\n\n\n<li>Circuito 7 (Cristo de Aranza, Cecilio Acosta y Cacique Mara)<br>Mario Torres \/ Dora Colmenares<\/li>\n\n\n\n<li>Circuito 8 (Francisco Eugenio Bustamante, San Isidro, Manuel Dagnino, Luis Hurtado Higuera)<br>Sara Fern\u00e1ndez \/ Samuel Troconis<\/li>\n\n\n\n<li>Circuito 9 (San Francisco)<br>Villapol Morales \/ Yulimar Brice\u00f1o<br>Mary Gonz\u00e1lez \/ Ricardo Useche<\/li>\n\n\n\n<li>Circuito 10 (Miranda, Cabimas y Santa Rita)<br>Jasm\u00edn Rendiles \/ David Marcano<br>Justo Berm\u00fadez \/ Elizabeth Gotera<\/li>\n\n\n\n<li>Circuito 11 (Sim\u00f3n Bol\u00edvar, Valmore Rodr\u00edguez, Lagunillas y Baralt)<br>Jenni Mosquera \/ Maribel Delf\u00edn<br>Juan Bracho \/ Luis Gonz\u00e1lez<\/li>\n\n\n\n<li>Circuito 12 (Col\u00f3n, Francisco Javier Pulgar, Sucre, Catatumbo)<br>Luis Medina \/ Judith Materano<\/li>\n<\/ul>\n\n\n\n<figure class=\"wp-block-image size-large\"><img decoding=\"async\" width=\"1024\" height=\"683\" src=\"https:\/\/entretormentas.com\/wp-content\/uploads\/2025\/04\/image-211-1024x683.png\" alt=\"\" class=\"wp-image-15326\" srcset=\"https:\/\/entretormentas.com\/wp-content\/uploads\/2025\/04\/image-211-1024x683.png 1024w, https:\/\/entretormentas.com\/wp-content\/uploads\/2025\/04\/image-211-300x200.png 300w, https:\/\/entretormentas.com\/wp-content\/uploads\/2025\/04\/image-211-768x512.png 768w, https:\/\/entretormentas.com\/wp-content\/uploads\/2025\/04\/image-211.png 1279w\" sizes=\"(max-width: 1024px) 100vw, 1024px\" \/><\/figure>\n\n\n\n<p><strong>CANDIDATOS CLEZULIA<\/strong><\/p>\n\n\n\n<ul class=\"wp-block-list\">\n<li><strong>LISTA:<\/strong><\/li>\n<\/ul>\n\n\n\n<ol class=\"wp-block-list\">\n<li>Iraida Villasmil<\/li>\n\n\n\n<li>Carlos Manuel Rosales<\/li>\n\n\n\n<li>Edgar Ant\u00fanez<\/li>\n\n\n\n<li>Otto Pi\u00f1eiro<\/li>\n\n\n\n<li>Henry Ramones<\/li>\n\n\n\n<li>Nikareli Mappar\u00ed<\/li>\n\n\n\n<li>Jes\u00fas Medina<\/li>\n\n\n\n<li>Marisela Reverol<\/li>\n\n\n\n<li>Yaneiza Romero<\/li>\n\n\n\n<li>Jacqueline Portillo<\/li>\n\n\n\n<li>Guillermo Castellano<\/li>\n\n\n\n<li>Dario Verde<\/li>\n\n\n\n<li>James Ramos<\/li>\n\n\n\n<li>Hector Vargas<\/li>\n\n\n\n<li>Hania Salazar<\/li>\n\n\n\n<li>Jos\u00e9 Villarreal<\/li>\n\n\n\n<li>Jos\u00e9 Bautista<\/li>\n\n\n\n<li>Digna Araujo<br>Indigigena: Jorge Garc\u00eda \/ Yuseth Fern\u00e1ndez. (Idelfonzo Vasquez\/ Venancio Pulgar)<\/li>\n<\/ol>\n\n\n\n<p><strong>CIRCUITO:<\/strong><\/p>\n\n\n\n<ol class=\"wp-block-list\">\n<li>Rosario de Perij\u00e1, Machiques de Perij\u00e1, Jes\u00fas Mar\u00eda Sempr\u00fam, Catatumbo, Col\u00f3n, Francisco Javier Pulgar, Sucre, Jes\u00fas Enrique Lossada, Guajira, Padilla, Mara.<\/li>\n<\/ol>\n\n\n\n<p>Ros\u00edris Orosco \/ Johandry S\u00e1nchez<\/p>\n\n\n\n<ol start=\"2\" class=\"wp-block-list\">\n<li>Maracaibo: Venancio, Idelfonso V\u00e1squez, Antonio Borjas Romero, Coquivacoa, Juana de \u00c1vila, Olegario, Caracciolo, Ra\u00fal Leoni, Santa Lucia.<\/li>\n<\/ol>\n\n\n\n<p>Jos\u00e9 Javier Barboza \/ Diego Romero<\/p>\n\n\n\n<ol start=\"3\" class=\"wp-block-list\">\n<li>Maracaibo: Cacique Mara, Cecilio Acosta, Chiquinquir\u00e1, Cristo de Aranza, San Isidro, Francisco Eugenio Bustamante, Bol\u00edvar, Luis Hurtado Higuera, Manuel Dagnino.<\/li>\n<\/ol>\n\n\n\n<p>Elirio Valecillos \/ Carlos Guerrero<\/p>\n\n\n\n<ol start=\"4\" class=\"wp-block-list\">\n<li>San Francisco, La Ca\u00f1ada de Urdaneta<\/li>\n<\/ol>\n\n\n\n<p>Alejandra Barrientos \/ Enmanuel Canga<\/p>\n\n\n\n<ol start=\"5\" class=\"wp-block-list\">\n<li>Miranda, Santa Rita, Cabimas, Sim\u00f3n Bol\u00edvar, Lagunillas, Valmore, Baralt.<\/li>\n<\/ol>\n\n\n\n<p>Albert Gonz\u00e1lez \/ Lilibeth Mart\u00ednez<br><strong><em>ET \/ Nota de Prensa<\/em><\/strong><\/p>\n\n\n\n<p><\/p>\n","protected":false},"excerpt":{"rendered":"<p>ENTRE TORMENTAS. Este s\u00e1bado 12 de abril, Nora Bracho, presidenta de Un Nuevo Tiempo Zulia,&#8230;<\/p>\n","protected":false},"author":2,"featured_media":15324,"comment_status":"closed","ping_status":"open","sticky":false,"template":"","format":"standard","meta":{"footnotes":""},"categories":[56,1],"tags":[],"class_list":["post-15323","post","type-post","status-publish","format-standard","has-post-thumbnail","hentry","category-destacadas","category-regionales"],"_links":{"self":[{"href":"https:\/\/entretormentas.com\/index.php?rest_route=\/wp\/v2\/posts\/15323","targetHints":{"allow":["GET"]}}],"collection":[{"href":"https:\/\/entretormentas.com\/index.php?rest_route=\/wp\/v2\/posts"}],"about":[{"href":"https:\/\/entretormentas.com\/index.php?rest_route=\/wp\/v2\/types\/post"}],"author":[{"embeddable":true,"href":"https:\/\/entretormentas.com\/index.php?rest_route=\/wp\/v2\/users\/2"}],"replies":[{"embeddable":true,"href":"https:\/\/entretormentas.com\/index.php?rest_route=%2Fwp%2Fv2%2Fcomments&post=15323"}],"version-history":[{"count":1,"href":"https:\/\/entretormentas.com\/index.php?rest_route=\/wp\/v2\/posts\/15323\/revisions"}],"predecessor-version":[{"id":15327,"href":"https:\/\/entretormentas.com\/index.php?rest_route=\/wp\/v2\/posts\/15323\/revisions\/15327"}],"wp:featuredmedia":[{"embeddable":true,"href":"https:\/\/entretormentas.com\/index.php?rest_route=\/wp\/v2\/media\/15324"}],"wp:attachment":[{"href":"https:\/\/entretormentas.com\/index.php?rest_route=%2Fwp%2Fv2%2Fmedia&parent=15323"}],"wp:term":[{"taxonomy":"category","embeddable":true,"href":"https:\/\/entretormentas.com\/index.php?rest_route=%2Fwp%2Fv2%2Fcategories&post=15323"},{"taxonomy":"post_tag","embeddable":true,"href":"https:\/\/entretormentas.com\/index.php?rest_route=%2Fwp%2Fv2%2Ftags&post=15323"}],"curies":[{"name":"wp","href":"https:\/\/api.w.org\/{rel}","templated":true}]}}