{"id":15328,"date":"2025-04-13T12:55:23","date_gmt":"2025-04-13T10:55:23","guid":{"rendered":"https:\/\/entretormentas.com\/?p=15328"},"modified":"2025-04-13T12:55:24","modified_gmt":"2025-04-13T10:55:24","slug":"por-el-psuv-y-el-gpp-luis-caldera-inscribe-su-candidatura-a-la-gobernacion-del-zulia-ante-el-cne","status":"publish","type":"post","link":"https:\/\/entretormentas.com\/por-el-psuv-y-el-gpp-luis-caldera-inscribe-su-candidatura-a-la-gobernacion-del-zulia-ante-el-cne\/","title":{"rendered":"\u00a1POR EL PSUV Y EL GPP! Luis Caldera inscribe su candidatura a la Gobernaci\u00f3n del Zulia ante el CNE"},"content":{"rendered":"\n<p><strong>ENTRE TORMENTAS.<\/strong> Desafiando las altas temperaturas, el \u00abHurac\u00e1n Bolivariano del Zulia\u00bb, acompa\u00f1\u00f3 al candidato del PSUV y el GPP, Luis Caldera, a la inscripci\u00f3n de su candidatura a la Gobernaci\u00f3n del Zulia.<\/p>\n\n\n\n<p>Un n\u00famero considerable de afectos al oficialismo provenientes de diferentes municipios llen\u00f3 los espacios de la avenida Milagro Norte de la capital zuliana.<\/p>\n\n\n\n<figure class=\"wp-block-image size-full\"><img fetchpriority=\"high\" decoding=\"async\" width=\"768\" height=\"576\" src=\"https:\/\/entretormentas.com\/wp-content\/uploads\/2025\/04\/image-213.png\" alt=\"\" class=\"wp-image-15330\" srcset=\"https:\/\/entretormentas.com\/wp-content\/uploads\/2025\/04\/image-213.png 768w, https:\/\/entretormentas.com\/wp-content\/uploads\/2025\/04\/image-213-300x225.png 300w\" sizes=\"(max-width: 768px) 100vw, 768px\" \/><\/figure>\n\n\n\n<p>Los asistentes partieron desde la prolongaci\u00f3n de la avenida Guajira y sigui\u00f3 por kil\u00f3metro y medio hasta la sede del CNE-Zulia, ubicada en la avenida Milagro Norte de la parroquia Coquivacoa de Maracaibo.<\/p>\n\n\n\n<p>Caldera, acompa\u00f1\u00f3 el trayecto para luego incorporarse al acto formal de inscripci\u00f3n, acompa\u00f1ado por representantes de las UBCH, estudiantes, pescadores, trabajadores petroleros y las comunas.<\/p>\n\n\n\n<p>\u201cZulia entra a una nueva etapa, la \u00e9poca de la uni\u00f3n, prosperidad, el progreso y la esperanza. Los mejores tiempos del Zulia est\u00e1n por venir inician el 25 de mayo en hora de la noche\u201d, se\u00f1al\u00f3 Caldera a los medios de comunicaci\u00f3n tras formalizar su inscripci\u00f3n.<\/p>\n\n\n\n<figure class=\"wp-block-image size-full\"><img decoding=\"async\" width=\"768\" height=\"576\" src=\"https:\/\/entretormentas.com\/wp-content\/uploads\/2025\/04\/image-214.png\" alt=\"\" class=\"wp-image-15331\" srcset=\"https:\/\/entretormentas.com\/wp-content\/uploads\/2025\/04\/image-214.png 768w, https:\/\/entretormentas.com\/wp-content\/uploads\/2025\/04\/image-214-300x225.png 300w\" sizes=\"(max-width: 768px) 100vw, 768px\" \/><\/figure>\n\n\n\n<p>El acalde marense se\u00f1al\u00f3 que su intenci\u00f3n es consolidar el Sistema P\u00fablico Nacional de Salud a ejemplo de Humberto Fern\u00e1ndez Mor\u00e1n.<\/p>\n\n\n\n<p>\u201cAqu\u00ed no se van a decir Falc\u00f3n est\u00e1 bonito, Lara est\u00e1 bonito, vamos a decir Maracaibo est\u00e1 bonito, San Francisco est\u00e1 bonito; Zulia se levanta como el rel\u00e1mpago del Catatumbo. Porque van a tener un gobernador que no va a estar perdiendo tiempo de que hoy desconoce el gobierno, ma\u00f1ana lo reconoce, hoy se sienta, ma\u00f1ana se levanta\u201d, destac\u00f3.<br><strong><em>ET \/ Prensa PSUV Zulia<\/em><\/strong><\/p>\n","protected":false},"excerpt":{"rendered":"<p>ENTRE TORMENTAS. Desafiando las altas temperaturas, el \u00abHurac\u00e1n Bolivariano del Zulia\u00bb, acompa\u00f1\u00f3 al candidato del&#8230;<\/p>\n","protected":false},"author":2,"featured_media":15329,"comment_status":"closed","ping_status":"open","sticky":false,"template":"","format":"standard","meta":{"footnotes":""},"categories":[56,1],"tags":[],"class_list":["post-15328","post","type-post","status-publish","format-standard","has-post-thumbnail","hentry","category-destacadas","category-regionales"],"_links":{"self":[{"href":"https:\/\/entretormentas.com\/index.php?rest_route=\/wp\/v2\/posts\/15328","targetHints":{"allow":["GET"]}}],"collection":[{"href":"https:\/\/entretormentas.com\/index.php?rest_route=\/wp\/v2\/posts"}],"about":[{"href":"https:\/\/entretormentas.com\/index.php?rest_route=\/wp\/v2\/types\/post"}],"author":[{"embeddable":true,"href":"https:\/\/entretormentas.com\/index.php?rest_route=\/wp\/v2\/users\/2"}],"replies":[{"embeddable":true,"href":"https:\/\/entretormentas.com\/index.php?rest_route=%2Fwp%2Fv2%2Fcomments&post=15328"}],"version-history":[{"count":1,"href":"https:\/\/entretormentas.com\/index.php?rest_route=\/wp\/v2\/posts\/15328\/revisions"}],"predecessor-version":[{"id":15332,"href":"https:\/\/entretormentas.com\/index.php?rest_route=\/wp\/v2\/posts\/15328\/revisions\/15332"}],"wp:featuredmedia":[{"embeddable":true,"href":"https:\/\/entretormentas.com\/index.php?rest_route=\/wp\/v2\/media\/15329"}],"wp:attachment":[{"href":"https:\/\/entretormentas.com\/index.php?rest_route=%2Fwp%2Fv2%2Fmedia&parent=15328"}],"wp:term":[{"taxonomy":"category","embeddable":true,"href":"https:\/\/entretormentas.com\/index.php?rest_route=%2Fwp%2Fv2%2Fcategories&post=15328"},{"taxonomy":"post_tag","embeddable":true,"href":"https:\/\/entretormentas.com\/index.php?rest_route=%2Fwp%2Fv2%2Ftags&post=15328"}],"curies":[{"name":"wp","href":"https:\/\/api.w.org\/{rel}","templated":true}]}}