{"id":15336,"date":"2025-04-13T13:10:39","date_gmt":"2025-04-13T11:10:39","guid":{"rendered":"https:\/\/entretormentas.com\/?p=15336"},"modified":"2025-04-13T13:10:40","modified_gmt":"2025-04-13T11:10:40","slug":"se-espera-por-la-gaceta-tsj-declara-constitucionalidad-del-decreto-de-estado-de-emergencia-economica","status":"publish","type":"post","link":"https:\/\/entretormentas.com\/se-espera-por-la-gaceta-tsj-declara-constitucionalidad-del-decreto-de-estado-de-emergencia-economica\/","title":{"rendered":"\u00a1SE ESPERA POR LA GACETA! TSJ declara constitucionalidad del decreto de estado de emergencia econ\u00f3mica"},"content":{"rendered":"\n<p><strong>ENTRE TORMENTAS. <\/strong>El Tribunal Supremo de Justicia (TSJ) declar\u00f3 este s\u00e1bado la constitucionalidad del decreto de estado de emergencia econ\u00f3mica firmado por el presidente Nicol\u00e1s Maduro, en respuesta a la \u00abguerra comercial\u00bb desatada por la pol\u00edtica arancelaria de Estados Unidos, que impuso una tasa del 15 por ciento al pa\u00eds caribe\u00f1o.<\/p>\n\n\n\n<p>A trav\u00e9s de Instagram, el m\u00e1ximo tribunal inform\u00f3 de la decisi\u00f3n dictada por su Sala Constitucional sobre el decreto que declara el \u00abestado de emergencia econ\u00f3mica en todo el territorio nacional, de conformidad con la Constituci\u00f3n de la Rep\u00fablica Bolivariana de Venezuela y su ordenamiento jur\u00eddico, por un lapso de 60 d\u00edas\u00bb.<\/p>\n\n\n\n<p>Asimismo, ordena la publicaci\u00f3n de la sentencia en Gaceta Oficial y Judicial, as\u00ed como en la p\u00e1gina web del TSJ.<\/p>\n\n\n\n<p>El decreto que fue aprobado el jueves por la Asamblea Nacional autoriza a Maduro a \u00abdictar regulaciones excepcionales y transitorias para estabilizar la econom\u00eda, suspender la aplicaci\u00f3n y cobro de tributos\u00bb y \u00abestablecer mecanismos para combatir la evasi\u00f3n fiscal y favorecer la producci\u00f3n nacional\u00bb.<\/p>\n\n\n\n<p>Tambi\u00e9n, le permite tomar medidas para \u00abpromover la inversi\u00f3n nacional y extranjera, y autorizar las contrataciones necesarias para restablecer derechos fundamentales y accesos a servicios esenciales\u00bb, todo con el fin de \u00abproteger y preservar el equilibrio econ\u00f3mico de la naci\u00f3n\u00bb.<br><strong><em>ET \/ EFE<\/em><\/strong><\/p>\n\n\n\n<p><\/p>\n","protected":false},"excerpt":{"rendered":"<p>ENTRE TORMENTAS. El Tribunal Supremo de Justicia (TSJ) declar\u00f3 este s\u00e1bado la constitucionalidad del decreto&#8230;<\/p>\n","protected":false},"author":2,"featured_media":15337,"comment_status":"closed","ping_status":"open","sticky":false,"template":"","format":"standard","meta":{"footnotes":""},"categories":[56,49],"tags":[],"class_list":["post-15336","post","type-post","status-publish","format-standard","has-post-thumbnail","hentry","category-destacadas","category-nacionales"],"_links":{"self":[{"href":"https:\/\/entretormentas.com\/index.php?rest_route=\/wp\/v2\/posts\/15336","targetHints":{"allow":["GET"]}}],"collection":[{"href":"https:\/\/entretormentas.com\/index.php?rest_route=\/wp\/v2\/posts"}],"about":[{"href":"https:\/\/entretormentas.com\/index.php?rest_route=\/wp\/v2\/types\/post"}],"author":[{"embeddable":true,"href":"https:\/\/entretormentas.com\/index.php?rest_route=\/wp\/v2\/users\/2"}],"replies":[{"embeddable":true,"href":"https:\/\/entretormentas.com\/index.php?rest_route=%2Fwp%2Fv2%2Fcomments&post=15336"}],"version-history":[{"count":1,"href":"https:\/\/entretormentas.com\/index.php?rest_route=\/wp\/v2\/posts\/15336\/revisions"}],"predecessor-version":[{"id":15338,"href":"https:\/\/entretormentas.com\/index.php?rest_route=\/wp\/v2\/posts\/15336\/revisions\/15338"}],"wp:featuredmedia":[{"embeddable":true,"href":"https:\/\/entretormentas.com\/index.php?rest_route=\/wp\/v2\/media\/15337"}],"wp:attachment":[{"href":"https:\/\/entretormentas.com\/index.php?rest_route=%2Fwp%2Fv2%2Fmedia&parent=15336"}],"wp:term":[{"taxonomy":"category","embeddable":true,"href":"https:\/\/entretormentas.com\/index.php?rest_route=%2Fwp%2Fv2%2Fcategories&post=15336"},{"taxonomy":"post_tag","embeddable":true,"href":"https:\/\/entretormentas.com\/index.php?rest_route=%2Fwp%2Fv2%2Ftags&post=15336"}],"curies":[{"name":"wp","href":"https:\/\/api.w.org\/{rel}","templated":true}]}}