{"id":15348,"date":"2025-04-14T10:27:21","date_gmt":"2025-04-14T08:27:21","guid":{"rendered":"https:\/\/entretormentas.com\/?p=15348"},"modified":"2025-04-14T10:27:22","modified_gmt":"2025-04-14T08:27:22","slug":"amplitud-democratica-siete-dirigentes-de-pj-zulia-se-inscribieron-con-la-tarjeta-de-unt-para-el-25-may","status":"publish","type":"post","link":"https:\/\/entretormentas.com\/amplitud-democratica-siete-dirigentes-de-pj-zulia-se-inscribieron-con-la-tarjeta-de-unt-para-el-25-may\/","title":{"rendered":"\u00a1AMPLITUD DEMOCR\u00c1TICA! Siete dirigentes de PJ-Zulia se inscribieron con la tarjeta de UNT para el 25-May"},"content":{"rendered":"\n<p><strong>ENTRE TORMENTAS.<\/strong> Al menos siete miembros del partido Primero Justicia de Maracaibo se postularon este s\u00e1bado 12 de abril, en la plancha de Un Nuevo Tiempo (UNT), para las elecciones del mes de mayo.<\/p>\n\n\n\n<p>Entre los postulados se encuentran: Ricardo Useche, actual Diputado al Consejo Legislativo del Estado Zulia y Vicepresidente Regional de Nuevas Generaciones PJ-Zulia; Jes\u00fas Govea, dirigente de Primero Justicia; Edgar Ant\u00fanez, Presidente Adjunto del PJ Zulia; Guillermo Castellanos, Director de la Direcci\u00f3n de Gesti\u00f3n Estrat\u00e9gica de Maracaibo Oeste y Diputado Regional de Zulia; Sara Fern\u00e1ndez, directora general de la Alcald\u00eda de Maracaibo y dirigente del partido; Juan Bracho, tambi\u00e9n dirigente de Primero Justicia, y Zulia R\u00edos, miembro de la Directiva de Primero Justicia,<\/p>\n\n\n\n<p>La organizaci\u00f3n pol\u00edtica Primero Justicia manifest\u00f3 en varias ocasiones en diferentes comunicados el desacuerdo con el proceso electoral que se llevar\u00e1 a cabo, donde escoger\u00e1n Gobernadores, diputados de la Asamblea Nacional y Concejo Legislativo.<\/p>\n\n\n\n<p>A pesar de esta postura cr\u00edtica hacia las elecciones, hasta el momento ninguno de los mencionados pol\u00edticos renunci\u00f3 a su afiliaci\u00f3n con la tolda amarilla ni fueron expulsados \u200b\u200bdel partido.<br><strong><em>ET \/ Foco informativo<\/em><\/strong><\/p>\n","protected":false},"excerpt":{"rendered":"<p>ENTRE TORMENTAS. Al menos siete miembros del partido Primero Justicia de Maracaibo se postularon este&#8230;<\/p>\n","protected":false},"author":2,"featured_media":15349,"comment_status":"closed","ping_status":"open","sticky":false,"template":"","format":"standard","meta":{"footnotes":""},"categories":[57,1],"tags":[],"class_list":["post-15348","post","type-post","status-publish","format-standard","has-post-thumbnail","hentry","category-actualidad","category-regionales"],"_links":{"self":[{"href":"https:\/\/entretormentas.com\/index.php?rest_route=\/wp\/v2\/posts\/15348","targetHints":{"allow":["GET"]}}],"collection":[{"href":"https:\/\/entretormentas.com\/index.php?rest_route=\/wp\/v2\/posts"}],"about":[{"href":"https:\/\/entretormentas.com\/index.php?rest_route=\/wp\/v2\/types\/post"}],"author":[{"embeddable":true,"href":"https:\/\/entretormentas.com\/index.php?rest_route=\/wp\/v2\/users\/2"}],"replies":[{"embeddable":true,"href":"https:\/\/entretormentas.com\/index.php?rest_route=%2Fwp%2Fv2%2Fcomments&post=15348"}],"version-history":[{"count":1,"href":"https:\/\/entretormentas.com\/index.php?rest_route=\/wp\/v2\/posts\/15348\/revisions"}],"predecessor-version":[{"id":15350,"href":"https:\/\/entretormentas.com\/index.php?rest_route=\/wp\/v2\/posts\/15348\/revisions\/15350"}],"wp:featuredmedia":[{"embeddable":true,"href":"https:\/\/entretormentas.com\/index.php?rest_route=\/wp\/v2\/media\/15349"}],"wp:attachment":[{"href":"https:\/\/entretormentas.com\/index.php?rest_route=%2Fwp%2Fv2%2Fmedia&parent=15348"}],"wp:term":[{"taxonomy":"category","embeddable":true,"href":"https:\/\/entretormentas.com\/index.php?rest_route=%2Fwp%2Fv2%2Fcategories&post=15348"},{"taxonomy":"post_tag","embeddable":true,"href":"https:\/\/entretormentas.com\/index.php?rest_route=%2Fwp%2Fv2%2Ftags&post=15348"}],"curies":[{"name":"wp","href":"https:\/\/api.w.org\/{rel}","templated":true}]}}