{"id":15351,"date":"2025-04-14T10:31:25","date_gmt":"2025-04-14T08:31:25","guid":{"rendered":"https:\/\/entretormentas.com\/?p=15351"},"modified":"2025-04-14T10:31:26","modified_gmt":"2025-04-14T08:31:26","slug":"cumpliendo-operativos-especiales-de-recoleccion-de-desechos-solidos-sanean-a-san-francisco","status":"publish","type":"post","link":"https:\/\/entretormentas.com\/cumpliendo-operativos-especiales-de-recoleccion-de-desechos-solidos-sanean-a-san-francisco\/","title":{"rendered":"\u00a1CUMPLIENDO! Operativos especiales de recolecci\u00f3n de desechos s\u00f3lidos sanean a San Francisco"},"content":{"rendered":"\n<p><strong>ENTRE TORMENTAS.<\/strong> Desde muy temprano, cumpliendo con la palabra empe\u00f1ada del alcalde del municipio San Francisco, Gustavo Fern\u00e1ndez, el equipo del Instituto P\u00fablico Municipal de Ambiente y Aseo Urbano (Imasur) se dio la tarea de entregar otra v\u00eda totalmente saneada en la parroquia Marcial Hern\u00e1ndez.<\/p>\n\n\n\n<p>Desde el sector Castillete, en un esfuerzo en conjunto que implic\u00f3 el uso de 10 volquetas, dos cargadores y m\u00e1s de 60 hombres y mujeres, el equipo de Imasur trabaj\u00f3 arduamente a lo largo de esta calle que conecta la v\u00eda a Perij\u00e1 con el barrio Sur Am\u00e9rica.<\/p>\n\n\n\n<p>Carlos Calles, presidente de Imasur, acompa\u00f1ado de Jes\u00fas Hern\u00e1ndez, vicepresidente de Imasur y Javier Solano, director de Aseo Urbano y Domiciliario, explic\u00f3 que para la Semana Santa se seguir\u00e1 el trabajo en la calle comprometidos a ganarle la batalla a los desechos s\u00f3lidos. Destac\u00f3 que el llamado es a los residentes de las zonas aleda\u00f1as a Castillete para que respeten el horario establecido del aseo urbano para evitar estos vertederos a cielo abierto.<\/p>\n\n\n\n<figure class=\"wp-block-image size-large\"><img fetchpriority=\"high\" decoding=\"async\" width=\"1024\" height=\"768\" src=\"https:\/\/entretormentas.com\/wp-content\/uploads\/2025\/04\/image-223-1024x768.png\" alt=\"\" class=\"wp-image-15352\" srcset=\"https:\/\/entretormentas.com\/wp-content\/uploads\/2025\/04\/image-223-1024x768.png 1024w, https:\/\/entretormentas.com\/wp-content\/uploads\/2025\/04\/image-223-300x225.png 300w, https:\/\/entretormentas.com\/wp-content\/uploads\/2025\/04\/image-223-768x576.png 768w, https:\/\/entretormentas.com\/wp-content\/uploads\/2025\/04\/image-223.png 1280w\" sizes=\"(max-width: 1024px) 100vw, 1024px\" \/><\/figure>\n\n\n\n<p>Tambi\u00e9n alert\u00f3 a los ciudadanos a no ser part\u00edcipes de la quema de basura. Ya que para estas fechas muchas personas deciden podar \u00e1rboles y posteriormente quemar los desechos vegetales afectando con el humo a la salud de la comunidad.<\/p>\n\n\n\n<p>La primera autoridad municipal, Gustavo Fern\u00e1ndez, siempre resalta la importancia del trabajo en equipo durante estos operativos que buscan mantener limpios los espacios. Por lo que el trabajo en conjunto se ampl\u00eda con la participaci\u00f3n de la Secretar\u00eda Municipal, Educaci\u00f3n Ambiental, Reciclaje, Saneamiento Ambiental y Prevenci\u00f3n y Seguridad Ciudadana, siempre vigilantes de los puntos saneados.<\/p>\n\n\n\n<p>As\u00ed como la intervenci\u00f3n de esta importante v\u00eda conocida como Castillete, tramo principal que une varios sectores, hay otras que han sido saneadas, destac\u00f3 el director de Aseo Urbano y Domiciliario, Javier Solano al nombrar los recientes operativos realizados en la entrada de Ciudad del Sol y en La Charrasca.<\/p>\n\n\n\n<p>La gesti\u00f3n municipal del alcalde Gustavo Fern\u00e1ndez contin\u00faa trabajando incansablemente para recuperar cada rinc\u00f3n del municipio. Hacen un llamado a la conciencia ciudadana para no ser parte de un delito ambiental y as\u00ed evitar sanciones por arrojar basura en las principales v\u00edas.<br><strong><em>ET \/ Alcald\u00eda de San Francisco<\/em><\/strong><\/p>\n\n\n\n<p><\/p>\n","protected":false},"excerpt":{"rendered":"<p>ENTRE TORMENTAS. Desde muy temprano, cumpliendo con la palabra empe\u00f1ada del alcalde del municipio San&#8230;<\/p>\n","protected":false},"author":2,"featured_media":15353,"comment_status":"closed","ping_status":"open","sticky":false,"template":"","format":"standard","meta":{"footnotes":""},"categories":[57,1],"tags":[],"class_list":["post-15351","post","type-post","status-publish","format-standard","has-post-thumbnail","hentry","category-actualidad","category-regionales"],"_links":{"self":[{"href":"https:\/\/entretormentas.com\/index.php?rest_route=\/wp\/v2\/posts\/15351","targetHints":{"allow":["GET"]}}],"collection":[{"href":"https:\/\/entretormentas.com\/index.php?rest_route=\/wp\/v2\/posts"}],"about":[{"href":"https:\/\/entretormentas.com\/index.php?rest_route=\/wp\/v2\/types\/post"}],"author":[{"embeddable":true,"href":"https:\/\/entretormentas.com\/index.php?rest_route=\/wp\/v2\/users\/2"}],"replies":[{"embeddable":true,"href":"https:\/\/entretormentas.com\/index.php?rest_route=%2Fwp%2Fv2%2Fcomments&post=15351"}],"version-history":[{"count":1,"href":"https:\/\/entretormentas.com\/index.php?rest_route=\/wp\/v2\/posts\/15351\/revisions"}],"predecessor-version":[{"id":15354,"href":"https:\/\/entretormentas.com\/index.php?rest_route=\/wp\/v2\/posts\/15351\/revisions\/15354"}],"wp:featuredmedia":[{"embeddable":true,"href":"https:\/\/entretormentas.com\/index.php?rest_route=\/wp\/v2\/media\/15353"}],"wp:attachment":[{"href":"https:\/\/entretormentas.com\/index.php?rest_route=%2Fwp%2Fv2%2Fmedia&parent=15351"}],"wp:term":[{"taxonomy":"category","embeddable":true,"href":"https:\/\/entretormentas.com\/index.php?rest_route=%2Fwp%2Fv2%2Fcategories&post=15351"},{"taxonomy":"post_tag","embeddable":true,"href":"https:\/\/entretormentas.com\/index.php?rest_route=%2Fwp%2Fv2%2Ftags&post=15351"}],"curies":[{"name":"wp","href":"https:\/\/api.w.org\/{rel}","templated":true}]}}