{"id":15355,"date":"2025-04-14T10:34:05","date_gmt":"2025-04-14T08:34:05","guid":{"rendered":"https:\/\/entretormentas.com\/?p=15355"},"modified":"2025-04-14T10:34:05","modified_gmt":"2025-04-14T08:34:05","slug":"voluntariado-activo-profesionales-y-tecnicos-apoyan-la-reeleccion-de-manuel-rosales-a-gobernacion","status":"publish","type":"post","link":"https:\/\/entretormentas.com\/voluntariado-activo-profesionales-y-tecnicos-apoyan-la-reeleccion-de-manuel-rosales-a-gobernacion\/","title":{"rendered":"\u00a1VOLUNTARIADO ACTIVO! \u200eProfesionales y T\u00e9cnicos apoyan la reelecci\u00f3n de Manuel Rosales a gobernaci\u00f3n"},"content":{"rendered":"\n<p><br>\u200e<strong>ENTRE TORMENTAS. \u200e<\/strong>El coordinador de Profesionales y T\u00e9cnicos del voluntariado Unidos por el Zulia, James Ramos Ariza, dijo sentirse satisfecho por haber participando en una hermosa actividad donde se expresaron las distintas masas independientes de la sociedad civil en una sola voz, todos con el objetivo de mantener la gesti\u00f3n de Manuel Rosales Guerrero frente a la gobernaci\u00f3n del estado.<\/p>\n\n\n\n<p><br>\u200e<br>\u200e\u00bbVamos a motivar e impulsar el voto como instrumento de defensa, como ratificaci\u00f3n de lo sucedido en las elecciones del 28 de abril. Desde este voluntariado hacemos un llamado a todos los sectores a sumar voluntades y a participar en mantener una gesti\u00f3n comprobada y a no dejar caer al estado Zulia en las manos de quienes en el pasado lo destruyeron\u00bb, expres\u00f3 Ramos Ariza.<br>\u200e<br>\u200eAdem\u00e1s, el coordinador de Profesionales y T\u00e9cnicos, dijo tener las herramientas necesarias para convencer a la gente de ir a votar, ya que esta es una gesti\u00f3n que asfalta, que genera salud, educaci\u00f3n, cultura, deporte, servicio p\u00fablicos y bienestar para todo los zulianos.<br>\u200e<br>\u200e\u00bbNosotros los profesionales tenemos la gran tarea de luchar por aquellos j\u00f3venes que se est\u00e1n graduado y que no ven un\u00a0 futuro pr\u00f3spero, por ellos que que necesitan y requieren proyectos,\u00a0 emprendimientos, trabajos y pol\u00edticas que les permitan su desarrollo dentro de este gran estado y pa\u00eds\u00bb, apunt\u00f3 James Ramos.<br>\u200e<br>\u200eFinalmente, Ramos , se refiri\u00f3 a Rosales, como esa opci\u00f3n que representa la voluntad del pueblo zuliano y una gesti\u00f3n identificada con la defensa y progreso en beneficio de la gente.<br><strong><em>\u200eET \/ Nota de prensa<\/em><\/strong><\/p>\n\n\n\n<p><\/p>\n","protected":false},"excerpt":{"rendered":"<p>\u200eENTRE TORMENTAS. \u200eEl coordinador de Profesionales y T\u00e9cnicos del voluntariado Unidos por el Zulia, James&#8230;<\/p>\n","protected":false},"author":2,"featured_media":15356,"comment_status":"closed","ping_status":"open","sticky":false,"template":"","format":"standard","meta":{"footnotes":""},"categories":[57,1],"tags":[],"class_list":["post-15355","post","type-post","status-publish","format-standard","has-post-thumbnail","hentry","category-actualidad","category-regionales"],"_links":{"self":[{"href":"https:\/\/entretormentas.com\/index.php?rest_route=\/wp\/v2\/posts\/15355","targetHints":{"allow":["GET"]}}],"collection":[{"href":"https:\/\/entretormentas.com\/index.php?rest_route=\/wp\/v2\/posts"}],"about":[{"href":"https:\/\/entretormentas.com\/index.php?rest_route=\/wp\/v2\/types\/post"}],"author":[{"embeddable":true,"href":"https:\/\/entretormentas.com\/index.php?rest_route=\/wp\/v2\/users\/2"}],"replies":[{"embeddable":true,"href":"https:\/\/entretormentas.com\/index.php?rest_route=%2Fwp%2Fv2%2Fcomments&post=15355"}],"version-history":[{"count":1,"href":"https:\/\/entretormentas.com\/index.php?rest_route=\/wp\/v2\/posts\/15355\/revisions"}],"predecessor-version":[{"id":15357,"href":"https:\/\/entretormentas.com\/index.php?rest_route=\/wp\/v2\/posts\/15355\/revisions\/15357"}],"wp:featuredmedia":[{"embeddable":true,"href":"https:\/\/entretormentas.com\/index.php?rest_route=\/wp\/v2\/media\/15356"}],"wp:attachment":[{"href":"https:\/\/entretormentas.com\/index.php?rest_route=%2Fwp%2Fv2%2Fmedia&parent=15355"}],"wp:term":[{"taxonomy":"category","embeddable":true,"href":"https:\/\/entretormentas.com\/index.php?rest_route=%2Fwp%2Fv2%2Fcategories&post=15355"},{"taxonomy":"post_tag","embeddable":true,"href":"https:\/\/entretormentas.com\/index.php?rest_route=%2Fwp%2Fv2%2Ftags&post=15355"}],"curies":[{"name":"wp","href":"https:\/\/api.w.org\/{rel}","templated":true}]}}