{"id":15358,"date":"2025-04-14T10:37:32","date_gmt":"2025-04-14T08:37:32","guid":{"rendered":"https:\/\/entretormentas.com\/?p=15358"},"modified":"2025-04-14T10:37:33","modified_gmt":"2025-04-14T08:37:33","slug":"inicio-de-la-semana-mayor-con-devocion-y-fe-marabinos-celebran-el-domingo-de-ramos","status":"publish","type":"post","link":"https:\/\/entretormentas.com\/inicio-de-la-semana-mayor-con-devocion-y-fe-marabinos-celebran-el-domingo-de-ramos\/","title":{"rendered":"\u00a1INICIO DE LA SEMANA MAYOR! Con devoci\u00f3n y fe marabinos celebran el Domingo de Ramos"},"content":{"rendered":"\n<p><strong>ENTRE TORMENTAS. <\/strong>\u200e\u200eDesde muy temprano de este domingo 13 de abril, los devotos de la iglesia cat\u00f3lica se reunieron cerca de los templos para celebrar la triunfal entrada de Jes\u00fas a Jerusal\u00e9n, con el tradicional Domingo de Ramos.<\/p>\n\n\n\n<figure class=\"wp-block-image size-full\"><img fetchpriority=\"high\" decoding=\"async\" width=\"642\" height=\"490\" src=\"https:\/\/entretormentas.com\/wp-content\/uploads\/2025\/04\/image-226.png\" alt=\"\" class=\"wp-image-15359\" srcset=\"https:\/\/entretormentas.com\/wp-content\/uploads\/2025\/04\/image-226.png 642w, https:\/\/entretormentas.com\/wp-content\/uploads\/2025\/04\/image-226-300x229.png 300w\" sizes=\"(max-width: 642px) 100vw, 642px\" \/><\/figure>\n\n\n\n<p>\u200eJunto a los sacerdotes de cada comunidad parroquial, realizaron una peque\u00f1a procesi\u00f3n despu\u00e9s de presenciar la bendici\u00f3n de las palmas.<\/p>\n\n\n\n<p>\u200eEn la catedral se congregaron en las adyacencias de la plaza Bol\u00edvar, donde monse\u00f1or Jos\u00e9 Luis Azuaje, arzobispo de la arquidi\u00f3cesis de Maracaibo bendijo los ramos como inicio de la Semana Mayor.<\/p>\n\n\n\n<figure class=\"wp-block-image size-full\"><img decoding=\"async\" width=\"598\" height=\"438\" src=\"https:\/\/entretormentas.com\/wp-content\/uploads\/2025\/04\/image-227.png\" alt=\"\" class=\"wp-image-15360\" srcset=\"https:\/\/entretormentas.com\/wp-content\/uploads\/2025\/04\/image-227.png 598w, https:\/\/entretormentas.com\/wp-content\/uploads\/2025\/04\/image-227-300x220.png 300w\" sizes=\"(max-width: 598px) 100vw, 598px\" \/><\/figure>\n\n\n\n<p>Por su parte, Nedward Andrade, p\u00e1rroco de Bas\u00edlica Santuario de Nuestra Se\u00f1ora de Chiquinquir\u00e1, bendijo las palmas en la plazoleta del Monumento de La Chinita, para despu\u00e9s iniciar la santa eucarist\u00eda.<\/p>\n\n\n\n<p>Todos los templos de la ciudad, estuvieron con un aforo completo de feligreses, quienes escucharon la palabra de Dios en lo que marca el inicio de la Semana Santa o Semana Mayor.<br><strong><em>ET \/ Es con Usted<\/em><\/strong><\/p>\n\n\n\n<p><\/p>\n","protected":false},"excerpt":{"rendered":"<p>ENTRE TORMENTAS. \u200e\u200eDesde muy temprano de este domingo 13 de abril, los devotos de la&#8230;<\/p>\n","protected":false},"author":2,"featured_media":15361,"comment_status":"closed","ping_status":"open","sticky":false,"template":"","format":"standard","meta":{"footnotes":""},"categories":[57,1],"tags":[],"class_list":["post-15358","post","type-post","status-publish","format-standard","has-post-thumbnail","hentry","category-actualidad","category-regionales"],"_links":{"self":[{"href":"https:\/\/entretormentas.com\/index.php?rest_route=\/wp\/v2\/posts\/15358","targetHints":{"allow":["GET"]}}],"collection":[{"href":"https:\/\/entretormentas.com\/index.php?rest_route=\/wp\/v2\/posts"}],"about":[{"href":"https:\/\/entretormentas.com\/index.php?rest_route=\/wp\/v2\/types\/post"}],"author":[{"embeddable":true,"href":"https:\/\/entretormentas.com\/index.php?rest_route=\/wp\/v2\/users\/2"}],"replies":[{"embeddable":true,"href":"https:\/\/entretormentas.com\/index.php?rest_route=%2Fwp%2Fv2%2Fcomments&post=15358"}],"version-history":[{"count":1,"href":"https:\/\/entretormentas.com\/index.php?rest_route=\/wp\/v2\/posts\/15358\/revisions"}],"predecessor-version":[{"id":15362,"href":"https:\/\/entretormentas.com\/index.php?rest_route=\/wp\/v2\/posts\/15358\/revisions\/15362"}],"wp:featuredmedia":[{"embeddable":true,"href":"https:\/\/entretormentas.com\/index.php?rest_route=\/wp\/v2\/media\/15361"}],"wp:attachment":[{"href":"https:\/\/entretormentas.com\/index.php?rest_route=%2Fwp%2Fv2%2Fmedia&parent=15358"}],"wp:term":[{"taxonomy":"category","embeddable":true,"href":"https:\/\/entretormentas.com\/index.php?rest_route=%2Fwp%2Fv2%2Fcategories&post=15358"},{"taxonomy":"post_tag","embeddable":true,"href":"https:\/\/entretormentas.com\/index.php?rest_route=%2Fwp%2Fv2%2Ftags&post=15358"}],"curies":[{"name":"wp","href":"https:\/\/api.w.org\/{rel}","templated":true}]}}