{"id":15369,"date":"2025-04-14T10:43:49","date_gmt":"2025-04-14T08:43:49","guid":{"rendered":"https:\/\/entretormentas.com\/?p=15369"},"modified":"2025-04-14T10:43:50","modified_gmt":"2025-04-14T08:43:50","slug":"sorpresa-agradable-el-papa-aparece-en-la-plaza-de-san-pedro-en-el-domingo-de-ramos","status":"publish","type":"post","link":"https:\/\/entretormentas.com\/sorpresa-agradable-el-papa-aparece-en-la-plaza-de-san-pedro-en-el-domingo-de-ramos\/","title":{"rendered":"\u00a1SORPRESA AGRADABLE! El papa aparece en la plaza de San Pedro en el Domingo de Ramos"},"content":{"rendered":"\n<p><strong>ENTRE TORMENTAS. <\/strong>El papa Francisco, que sigue convaleciente por sus problemas de salud, apareci\u00f3 sin que estuviera previsto ante los fieles en la Plaza de San Pedro del Vaticano, al t\u00e9rmino de la misa del Domingo de Ramos, la celebraci\u00f3n que marca el inicio de la Semana Santa.<\/p>\n\n\n\n<p>Se trata de la \u00faltima aparici\u00f3n por \u00absorpresa\u00bb del pont\u00edfice, de 88 a\u00f1os, durante su convalecencia en su residencia de la Casa Santa Marta, desde que el pasado 23 de marzo sali\u00f3 del sali\u00f3 del hospital Gemelli de Roma despu\u00e9s de 38 d\u00edas ingresado por una neumon\u00eda bilateral y otros problemas respiratorios.<\/p>\n\n\n\n<p>Tras su reaparici\u00f3n del pasado domingo en la plaza vaticana, durante el Jubileo de los enfermos, Francisco ha salido en otras dos ocasiones de la residencia y recibi\u00f3 por sorpresa a los reyes del Reino Unido, Carlos y Camilia, a pesar de que los m\u00e9dicos estimaron que deb\u00eda permanecer al menos dos meses de reposo.<br><strong><em>ET \/ EFE<\/em><\/strong><\/p>\n","protected":false},"excerpt":{"rendered":"<p>ENTRE TORMENTAS. El papa Francisco, que sigue convaleciente por sus problemas de salud, apareci\u00f3 sin&#8230;<\/p>\n","protected":false},"author":2,"featured_media":15370,"comment_status":"closed","ping_status":"open","sticky":false,"template":"","format":"standard","meta":{"footnotes":""},"categories":[56,48],"tags":[],"class_list":["post-15369","post","type-post","status-publish","format-standard","has-post-thumbnail","hentry","category-destacadas","category-internacionales"],"_links":{"self":[{"href":"https:\/\/entretormentas.com\/index.php?rest_route=\/wp\/v2\/posts\/15369","targetHints":{"allow":["GET"]}}],"collection":[{"href":"https:\/\/entretormentas.com\/index.php?rest_route=\/wp\/v2\/posts"}],"about":[{"href":"https:\/\/entretormentas.com\/index.php?rest_route=\/wp\/v2\/types\/post"}],"author":[{"embeddable":true,"href":"https:\/\/entretormentas.com\/index.php?rest_route=\/wp\/v2\/users\/2"}],"replies":[{"embeddable":true,"href":"https:\/\/entretormentas.com\/index.php?rest_route=%2Fwp%2Fv2%2Fcomments&post=15369"}],"version-history":[{"count":1,"href":"https:\/\/entretormentas.com\/index.php?rest_route=\/wp\/v2\/posts\/15369\/revisions"}],"predecessor-version":[{"id":15371,"href":"https:\/\/entretormentas.com\/index.php?rest_route=\/wp\/v2\/posts\/15369\/revisions\/15371"}],"wp:featuredmedia":[{"embeddable":true,"href":"https:\/\/entretormentas.com\/index.php?rest_route=\/wp\/v2\/media\/15370"}],"wp:attachment":[{"href":"https:\/\/entretormentas.com\/index.php?rest_route=%2Fwp%2Fv2%2Fmedia&parent=15369"}],"wp:term":[{"taxonomy":"category","embeddable":true,"href":"https:\/\/entretormentas.com\/index.php?rest_route=%2Fwp%2Fv2%2Fcategories&post=15369"},{"taxonomy":"post_tag","embeddable":true,"href":"https:\/\/entretormentas.com\/index.php?rest_route=%2Fwp%2Fv2%2Ftags&post=15369"}],"curies":[{"name":"wp","href":"https:\/\/api.w.org\/{rel}","templated":true}]}}