{"id":15388,"date":"2025-04-15T10:51:15","date_gmt":"2025-04-15T08:51:15","guid":{"rendered":"https:\/\/entretormentas.com\/?p=15388"},"modified":"2025-04-15T10:51:15","modified_gmt":"2025-04-15T08:51:15","slug":"todo-un-exito-vecinos-de-corito-disfrutaron-de-la-feria-del-pescado-2025-de-la-alcaldia-de-maracaibo","status":"publish","type":"post","link":"https:\/\/entretormentas.com\/todo-un-exito-vecinos-de-corito-disfrutaron-de-la-feria-del-pescado-2025-de-la-alcaldia-de-maracaibo\/","title":{"rendered":"\u00a1TODO UN \u00c9XITO! Vecinos de Corito disfrutaron de la Feria del Pescado 2025 de la Alcald\u00eda de Maracaibo"},"content":{"rendered":"\n<p><strong>ENTRE TORMENTAS.<\/strong> \u00a1Arranc\u00f3 la Feria del Pescado 2025! Por cuarto a\u00f1o consecutivo la Alcald\u00eda de Maracaibo a trav\u00e9s de la Direcci\u00f3n de Alimentaci\u00f3n y la Fundaci\u00f3n para la Econom\u00eda Popular (Fundepo), pone a disposici\u00f3n de los marabinos cuatro jornadas de la Feria del Pescado que contar\u00e1n con la venta de diversas especies a precios accesibles.<\/p>\n\n\n\n<p>La primera jornada se llev\u00f3 a cabo la ma\u00f1ana del s\u00e1bado 12 de abril en el sector Los Robles de la parroquia Luis Hurtado Higuera, espec\u00edficamente en la cancha deportiva San Javier. Adri\u00e1n Romero Mart\u00ednez, alcalde encargado, precis\u00f3 que ser\u00e1n dispuestas 14 toneladas de pescado durante los cuatro d\u00edas de ferias.<\/p>\n\n\n\n<figure class=\"wp-block-image size-large\"><img fetchpriority=\"high\" decoding=\"async\" width=\"1024\" height=\"768\" src=\"https:\/\/entretormentas.com\/wp-content\/uploads\/2025\/04\/image-242-1024x768.png\" alt=\"\" class=\"wp-image-15391\" srcset=\"https:\/\/entretormentas.com\/wp-content\/uploads\/2025\/04\/image-242-1024x768.png 1024w, https:\/\/entretormentas.com\/wp-content\/uploads\/2025\/04\/image-242-300x225.png 300w, https:\/\/entretormentas.com\/wp-content\/uploads\/2025\/04\/image-242-768x576.png 768w, https:\/\/entretormentas.com\/wp-content\/uploads\/2025\/04\/image-242.png 1280w\" sizes=\"(max-width: 1024px) 100vw, 1024px\" \/><\/figure>\n\n\n\n<p>\u201cEst\u00e1n a disposici\u00f3n de los marabinos unas 12 especies de pescado entre camar\u00f3n, mojito, lebranche, bocachico, corvina pelaya, filete de pescado, tilapia, sardinas, robalo y bagre blanco\u201d.<\/p>\n\n\n\n<p>Asimismo, el domingo 13 la feria estuvo en la cancha de la urbanizaci\u00f3n San Rafael, parroquia Francisco Eugenio Bustamante, mientras que este lunes estuvo activa en la cancha deportiva del mercado Corito, en Cristo de Aranza. Las cuatro jornadas de la Feria del Pescado concluir\u00e1n en la cancha deportiva del sector 2 de la urbanizaci\u00f3n San Jacinto, de la parroquia Juana de \u00c1vila.<\/p>\n\n\n\n<p>Rafael Viloria, director de Alimentaci\u00f3n, se\u00f1al\u00f3 que de 30 % al 40 % de descuento tienen los marabinos que aprovechan para comprar el pescado y dem\u00e1s productos. \u201cLa Direcci\u00f3n de Alimentos y Fundepo han hecho el mayor esfuerzo para que los marabinos puedan adquirir este tipo de prote\u00edna en temporada de Semana Santa con los precios m\u00e1s accesibles\u201d.<\/p>\n\n\n\n<p>Del mismo modo, destac\u00f3 que la tilapia, el lebranche y el bocachico son las tres especies m\u00e1s solicitadas. \u201cSeguidos de cerca por el camar\u00f3n y el mojito, que tambi\u00e9n son altamente demandados\u201d.<\/p>\n\n\n\n<p>Por \u00faltimo, Viloria acot\u00f3 que la limpieza del pescado es totalmente gratuita a la salida del mercado. \u201cSi quiere que lo fileteen y limpien, no van a tener que pagar nada adicional y se lo puede llevar listo para el consumo\u201d.<\/p>\n\n\n\n<figure class=\"wp-block-image size-large\"><img decoding=\"async\" width=\"1024\" height=\"768\" src=\"https:\/\/entretormentas.com\/wp-content\/uploads\/2025\/04\/image-241-1024x768.png\" alt=\"\" class=\"wp-image-15390\" srcset=\"https:\/\/entretormentas.com\/wp-content\/uploads\/2025\/04\/image-241-1024x768.png 1024w, https:\/\/entretormentas.com\/wp-content\/uploads\/2025\/04\/image-241-300x225.png 300w, https:\/\/entretormentas.com\/wp-content\/uploads\/2025\/04\/image-241-768x576.png 768w, https:\/\/entretormentas.com\/wp-content\/uploads\/2025\/04\/image-241.png 1280w\" sizes=\"(max-width: 1024px) 100vw, 1024px\" \/><\/figure>\n\n\n\n<p>Por su parte, Enmanuel Valbuena, presidente de Fundepo, destac\u00f3 que m\u00e1s de 500 familias fueron atendidas durante el primer d\u00eda de la Feria del Pescado. \u201cEsta fue la feria n\u00famero 16 del a\u00f1o, donde contamos con el apoyo de nuestros productores del oeste y, en conjunto con la prote\u00edna y la variedad de especies de mar, se ofrecieron siete toneladas de v\u00edveres, l\u00e1cteos, frutas, verduras, hortalizas y productos de la cesta b\u00e1sica\u201d. Valbuena tambi\u00e9n precis\u00f3 que, en total durante el 2025, los mercados han beneficiado a m\u00e1s de ocho mil familias y vendido 83 toneladas de alimentos.<\/p>\n\n\n\n<p>Los vecinos que asistieron a las ferias los d\u00edas s\u00e1bado y domingo destacaron la buena organizaci\u00f3n, los bajos costos y la facilidad de compra.<\/p>\n\n\n\n<p>\u201cLa experiencia fue excelente. Entr\u00e9, ped\u00ed y pagu\u00e9 todo en un momentico. Pude comprar la corvina, el mojito y los camarones. Todo se ve fresco y de gran calidad. Todo a buen precio\u201d, expres\u00f3 Elianne Negrete, residente del sector Altos del Sol Amado.<br><strong><em>ET \/ DCI Alcald\u00eda de Maracaibo<\/em><\/strong><\/p>\n\n\n\n<p><\/p>\n","protected":false},"excerpt":{"rendered":"<p>ENTRE TORMENTAS. \u00a1Arranc\u00f3 la Feria del Pescado 2025! Por cuarto a\u00f1o consecutivo la Alcald\u00eda de&#8230;<\/p>\n","protected":false},"author":2,"featured_media":15389,"comment_status":"closed","ping_status":"open","sticky":false,"template":"","format":"standard","meta":{"footnotes":""},"categories":[57,1],"tags":[],"class_list":["post-15388","post","type-post","status-publish","format-standard","has-post-thumbnail","hentry","category-actualidad","category-regionales"],"_links":{"self":[{"href":"https:\/\/entretormentas.com\/index.php?rest_route=\/wp\/v2\/posts\/15388","targetHints":{"allow":["GET"]}}],"collection":[{"href":"https:\/\/entretormentas.com\/index.php?rest_route=\/wp\/v2\/posts"}],"about":[{"href":"https:\/\/entretormentas.com\/index.php?rest_route=\/wp\/v2\/types\/post"}],"author":[{"embeddable":true,"href":"https:\/\/entretormentas.com\/index.php?rest_route=\/wp\/v2\/users\/2"}],"replies":[{"embeddable":true,"href":"https:\/\/entretormentas.com\/index.php?rest_route=%2Fwp%2Fv2%2Fcomments&post=15388"}],"version-history":[{"count":1,"href":"https:\/\/entretormentas.com\/index.php?rest_route=\/wp\/v2\/posts\/15388\/revisions"}],"predecessor-version":[{"id":15392,"href":"https:\/\/entretormentas.com\/index.php?rest_route=\/wp\/v2\/posts\/15388\/revisions\/15392"}],"wp:featuredmedia":[{"embeddable":true,"href":"https:\/\/entretormentas.com\/index.php?rest_route=\/wp\/v2\/media\/15389"}],"wp:attachment":[{"href":"https:\/\/entretormentas.com\/index.php?rest_route=%2Fwp%2Fv2%2Fmedia&parent=15388"}],"wp:term":[{"taxonomy":"category","embeddable":true,"href":"https:\/\/entretormentas.com\/index.php?rest_route=%2Fwp%2Fv2%2Fcategories&post=15388"},{"taxonomy":"post_tag","embeddable":true,"href":"https:\/\/entretormentas.com\/index.php?rest_route=%2Fwp%2Fv2%2Ftags&post=15388"}],"curies":[{"name":"wp","href":"https:\/\/api.w.org\/{rel}","templated":true}]}}