{"id":15393,"date":"2025-04-15T10:53:53","date_gmt":"2025-04-15T08:53:53","guid":{"rendered":"https:\/\/entretormentas.com\/?p=15393"},"modified":"2025-04-15T10:53:53","modified_gmt":"2025-04-15T08:53:53","slug":"respaldo-politico-partido-union-y-progreso-apuesta-por-la-reeleccion-de-rosales-en-el-zulia","status":"publish","type":"post","link":"https:\/\/entretormentas.com\/respaldo-politico-partido-union-y-progreso-apuesta-por-la-reeleccion-de-rosales-en-el-zulia\/","title":{"rendered":"\u00a1RESPALDO POL\u00cdTICO! \u200ePartido Uni\u00f3n y Progreso apuesta por la reelecci\u00f3n de Rosales en el Zulia"},"content":{"rendered":"\n<p><br><strong>ENTRE TORMENTAS. <\/strong>\u200e\u00bbLa organizaci\u00f3n y constituci\u00f3n del voluntariado \u00abUnidos por el Zulia\u00bb, es un\u00a0 un testimonio a la ratificaci\u00f3n del liderazgo del actual gobernador Manuel Rosales Guerrero, y ser\u00e1 parte fundamental de su reelecci\u00f3n para continuar realizando una gesti\u00f3n en pro y beneficio de todos los zulianos\u00bb, as\u00ed lo afirm\u00f3 Orlando Medina, presidente del partido pol\u00edtico Uni\u00f3n y Progreso en la regi\u00f3n.<\/p>\n\n\n\n<p><br>\u200e<br>\u200eMedina tambi\u00e9n expres\u00f3, que el Zulia ha sido pionero en cuanto a la participaci\u00f3n electoral y esta vez no ser\u00e1 la excepci\u00f3n. El 25 de mayo los zulianos tienen la oportunidad precisa para ratificar a un hombre que viene trabajando incansablemente por la recuperaci\u00f3n del estado.<br>\u200e<br>\u200eTambi\u00e9n el presidente de Uni\u00f3n y Progreso, dijo que adem\u00e1s de elegir a Rosales como gobernador, todos unidos\u00a0 trabajaremos para que sean electos diputados a la Asamblea Nacional que representen realmente al Zulia y unos parlamentarios al Consejo Legislativo que sean el apoyo fundamental a la gesti\u00f3n que viene desarrollando Manuel Rosales en favor del pueblo zuliano.<br>\u200e<br>\u200e\u00bbDesde nuestra tolda apoyamos incondicionalmente el gran proyecto de gobierno de Manuel Rosales y hacemos un llamado a la participaci\u00f3n electoral, ya que creemos que de esta manera podemos resolver los problemas del pa\u00eds y de nuestro estado, el cual va en caminado a su reconstrucci\u00f3n\u00bb, recalc\u00f3 Orlando Medina.<br><strong><em>\u200eET \/ Nota de Prensa<\/em><\/strong><\/p>\n\n\n\n<p><\/p>\n","protected":false},"excerpt":{"rendered":"<p>ENTRE TORMENTAS. \u200e\u00bbLa organizaci\u00f3n y constituci\u00f3n del voluntariado \u00abUnidos por el Zulia\u00bb, es un\u00a0 un&#8230;<\/p>\n","protected":false},"author":2,"featured_media":15394,"comment_status":"closed","ping_status":"open","sticky":false,"template":"","format":"standard","meta":{"footnotes":""},"categories":[57,1],"tags":[],"class_list":["post-15393","post","type-post","status-publish","format-standard","has-post-thumbnail","hentry","category-actualidad","category-regionales"],"_links":{"self":[{"href":"https:\/\/entretormentas.com\/index.php?rest_route=\/wp\/v2\/posts\/15393","targetHints":{"allow":["GET"]}}],"collection":[{"href":"https:\/\/entretormentas.com\/index.php?rest_route=\/wp\/v2\/posts"}],"about":[{"href":"https:\/\/entretormentas.com\/index.php?rest_route=\/wp\/v2\/types\/post"}],"author":[{"embeddable":true,"href":"https:\/\/entretormentas.com\/index.php?rest_route=\/wp\/v2\/users\/2"}],"replies":[{"embeddable":true,"href":"https:\/\/entretormentas.com\/index.php?rest_route=%2Fwp%2Fv2%2Fcomments&post=15393"}],"version-history":[{"count":1,"href":"https:\/\/entretormentas.com\/index.php?rest_route=\/wp\/v2\/posts\/15393\/revisions"}],"predecessor-version":[{"id":15395,"href":"https:\/\/entretormentas.com\/index.php?rest_route=\/wp\/v2\/posts\/15393\/revisions\/15395"}],"wp:featuredmedia":[{"embeddable":true,"href":"https:\/\/entretormentas.com\/index.php?rest_route=\/wp\/v2\/media\/15394"}],"wp:attachment":[{"href":"https:\/\/entretormentas.com\/index.php?rest_route=%2Fwp%2Fv2%2Fmedia&parent=15393"}],"wp:term":[{"taxonomy":"category","embeddable":true,"href":"https:\/\/entretormentas.com\/index.php?rest_route=%2Fwp%2Fv2%2Fcategories&post=15393"},{"taxonomy":"post_tag","embeddable":true,"href":"https:\/\/entretormentas.com\/index.php?rest_route=%2Fwp%2Fv2%2Ftags&post=15393"}],"curies":[{"name":"wp","href":"https:\/\/api.w.org\/{rel}","templated":true}]}}