{"id":15403,"date":"2025-04-15T11:01:01","date_gmt":"2025-04-15T09:01:01","guid":{"rendered":"https:\/\/entretormentas.com\/?p=15403"},"modified":"2025-04-15T11:01:02","modified_gmt":"2025-04-15T09:01:02","slug":"entre-otros-dirigentes-primero-justicia-expulsa-a-henrique-capriles-tomas-guanipa-y-pablo-perez","status":"publish","type":"post","link":"https:\/\/entretormentas.com\/entre-otros-dirigentes-primero-justicia-expulsa-a-henrique-capriles-tomas-guanipa-y-pablo-perez\/","title":{"rendered":"\u00a1ENTRE OTROS DIRIGENTES! Primero Justicia expulsa a Henrique Capriles, Tom\u00e1s Guanipa y Pablo P\u00e9rez"},"content":{"rendered":"\n<p><strong>ENTRE TORMENTAS.<\/strong> El partido pol\u00edtico venezolano Primero Justicia, a trav\u00e9s de redes sociales, anunci\u00f3 la expulsi\u00f3n de Henrique Capriles, Tom\u00e1s Guanipa, Amelia Belisario, \u00c1ngel Medina, Pablo P\u00e9rez y Juan Requesens, quienes pertenec\u00edan a la mencionada organizaci\u00f3n pol\u00edtica.<\/p>\n\n\n\n<p>\u00abPrimero Justicia informa al pa\u00eds que, a partir de hoy, han sido expulsadas de nuestra organizaci\u00f3n pol\u00edtica las siguientes personas: Henrique Capriles Radonski, Tom\u00e1s Guanipa, Amelia Belisario, \u00c1ngel Medina, Pablo P\u00e9rez y Juan Requesens.<\/p>\n\n\n\n<figure class=\"wp-block-image size-large\"><img fetchpriority=\"high\" decoding=\"async\" width=\"834\" height=\"1024\" src=\"https:\/\/entretormentas.com\/wp-content\/uploads\/2025\/04\/image-248-834x1024.png\" alt=\"\" class=\"wp-image-15405\" srcset=\"https:\/\/entretormentas.com\/wp-content\/uploads\/2025\/04\/image-248-834x1024.png 834w, https:\/\/entretormentas.com\/wp-content\/uploads\/2025\/04\/image-248-244x300.png 244w, https:\/\/entretormentas.com\/wp-content\/uploads\/2025\/04\/image-248-768x943.png 768w, https:\/\/entretormentas.com\/wp-content\/uploads\/2025\/04\/image-248.png 880w\" sizes=\"(max-width: 834px) 100vw, 834px\" \/><\/figure>\n\n\n\n<p>La decisi\u00f3n de expulsi\u00f3n responde a su participaci\u00f3n activa en un evento convocado al margen de la unidad democr\u00e1tica, en abierta contradicci\u00f3n con lo aprobado por el Comit\u00e9 Pol\u00edtico Nacional el 25 de febrero y ratificado por la Junta de Direcci\u00f3n Nacional el 14 de marzo.<\/p>\n\n\n\n<p>\u00abCon su accionar, han decidido apartarse de la ruta definida por la Plataforma Unitaria Democr\u00e1tica\u00bb, es parte de lo que se lee en lo publicado.<br><strong><em>ET \/ Agencias<\/em><\/strong><\/p>\n","protected":false},"excerpt":{"rendered":"<p>ENTRE TORMENTAS. El partido pol\u00edtico venezolano Primero Justicia, a trav\u00e9s de redes sociales, anunci\u00f3 la&#8230;<\/p>\n","protected":false},"author":2,"featured_media":15404,"comment_status":"closed","ping_status":"open","sticky":false,"template":"","format":"standard","meta":{"footnotes":""},"categories":[56,49],"tags":[],"class_list":["post-15403","post","type-post","status-publish","format-standard","has-post-thumbnail","hentry","category-destacadas","category-nacionales"],"_links":{"self":[{"href":"https:\/\/entretormentas.com\/index.php?rest_route=\/wp\/v2\/posts\/15403","targetHints":{"allow":["GET"]}}],"collection":[{"href":"https:\/\/entretormentas.com\/index.php?rest_route=\/wp\/v2\/posts"}],"about":[{"href":"https:\/\/entretormentas.com\/index.php?rest_route=\/wp\/v2\/types\/post"}],"author":[{"embeddable":true,"href":"https:\/\/entretormentas.com\/index.php?rest_route=\/wp\/v2\/users\/2"}],"replies":[{"embeddable":true,"href":"https:\/\/entretormentas.com\/index.php?rest_route=%2Fwp%2Fv2%2Fcomments&post=15403"}],"version-history":[{"count":1,"href":"https:\/\/entretormentas.com\/index.php?rest_route=\/wp\/v2\/posts\/15403\/revisions"}],"predecessor-version":[{"id":15406,"href":"https:\/\/entretormentas.com\/index.php?rest_route=\/wp\/v2\/posts\/15403\/revisions\/15406"}],"wp:featuredmedia":[{"embeddable":true,"href":"https:\/\/entretormentas.com\/index.php?rest_route=\/wp\/v2\/media\/15404"}],"wp:attachment":[{"href":"https:\/\/entretormentas.com\/index.php?rest_route=%2Fwp%2Fv2%2Fmedia&parent=15403"}],"wp:term":[{"taxonomy":"category","embeddable":true,"href":"https:\/\/entretormentas.com\/index.php?rest_route=%2Fwp%2Fv2%2Fcategories&post=15403"},{"taxonomy":"post_tag","embeddable":true,"href":"https:\/\/entretormentas.com\/index.php?rest_route=%2Fwp%2Fv2%2Ftags&post=15403"}],"curies":[{"name":"wp","href":"https:\/\/api.w.org\/{rel}","templated":true}]}}