{"id":15416,"date":"2025-04-16T10:30:53","date_gmt":"2025-04-16T08:30:53","guid":{"rendered":"https:\/\/entretormentas.com\/?p=15416"},"modified":"2025-04-16T10:30:54","modified_gmt":"2025-04-16T08:30:54","slug":"respaldo-unidos-por-el-zulia-felicita-candidaturas-de-diputados-a-la-an-y-al-consejo-legislativo","status":"publish","type":"post","link":"https:\/\/entretormentas.com\/respaldo-unidos-por-el-zulia-felicita-candidaturas-de-diputados-a-la-an-y-al-consejo-legislativo\/","title":{"rendered":"\u200e\u00a1RESPALDO! Unidos por el Zulia felicita candidaturas de diputados a la AN y al Consejo Legislativo"},"content":{"rendered":"\n<p><br><strong>ENTRE TORMENTAS. <\/strong>Como parte del apoyo irrestricto y motivacional por parte del voluntariado \u00abUnidos por el Zulia\u00bb, su coordinador Ezio Angelini, felicit\u00f3 y les brindo un espaldarazo a los candidatos a diputados a la Asamblea Nacional y a lideres que ir\u00e1n en busca de los curules del Consejo Legislativo del estado Zulia, luego de haber formalizado su proceso de inscripci\u00f3n junto al actual gobernador Manuel Rosales Guerrero y tambi\u00e9n candidato a la reelecci\u00f3n.<\/p>\n\n\n\n<p><br>\u200e<br>\u200e\u201cHoy m\u00e1s que nunca, necesitamos l\u00edderes comprometidos que trabajen por el bienestar de nuestro pueblo. Nuestros candidatos son el reflejo de la esperanza y el cambio que anhelamos. Desde Unidos por el Zulia, les brindamos todo nuestro respaldo en este nuevo compromiso asumido con el Zulia y con el pa\u00eds, expres\u00f3 Angelini.<br>\u200e<br>\u200eEl coordinador de este voluntariado destac\u00f3 la importancia de estas elecciones como una oportunidad crucial para continuar el proceso de rescate y transformaci\u00f3n de Venezuela y del Zulia. \u201cEstamos convencidos de que, con el trabajo de estos l\u00edderes podremos seguir avanzando hacia un estado pr\u00f3spero, donde cada ciudadano tenga la oportunidades de progreso\u201d, a\u00f1adi\u00f3 Angelini.<br>\u200e<br>\u200ePara finalizar, Angelini hizo un llamado a la ciudadan\u00eda a participar activamente en el proceso electoral, recordando que cada voto es un paso hacia el futuro que deseamos construir.<br><strong><em>\u200eET \/ Nota de Prensa<\/em><\/strong><\/p>\n\n\n\n<p><\/p>\n","protected":false},"excerpt":{"rendered":"<p>ENTRE TORMENTAS. Como parte del apoyo irrestricto y motivacional por parte del voluntariado \u00abUnidos por&#8230;<\/p>\n","protected":false},"author":2,"featured_media":15417,"comment_status":"closed","ping_status":"open","sticky":false,"template":"","format":"standard","meta":{"footnotes":""},"categories":[57,1],"tags":[],"class_list":["post-15416","post","type-post","status-publish","format-standard","has-post-thumbnail","hentry","category-actualidad","category-regionales"],"_links":{"self":[{"href":"https:\/\/entretormentas.com\/index.php?rest_route=\/wp\/v2\/posts\/15416","targetHints":{"allow":["GET"]}}],"collection":[{"href":"https:\/\/entretormentas.com\/index.php?rest_route=\/wp\/v2\/posts"}],"about":[{"href":"https:\/\/entretormentas.com\/index.php?rest_route=\/wp\/v2\/types\/post"}],"author":[{"embeddable":true,"href":"https:\/\/entretormentas.com\/index.php?rest_route=\/wp\/v2\/users\/2"}],"replies":[{"embeddable":true,"href":"https:\/\/entretormentas.com\/index.php?rest_route=%2Fwp%2Fv2%2Fcomments&post=15416"}],"version-history":[{"count":1,"href":"https:\/\/entretormentas.com\/index.php?rest_route=\/wp\/v2\/posts\/15416\/revisions"}],"predecessor-version":[{"id":15418,"href":"https:\/\/entretormentas.com\/index.php?rest_route=\/wp\/v2\/posts\/15416\/revisions\/15418"}],"wp:featuredmedia":[{"embeddable":true,"href":"https:\/\/entretormentas.com\/index.php?rest_route=\/wp\/v2\/media\/15417"}],"wp:attachment":[{"href":"https:\/\/entretormentas.com\/index.php?rest_route=%2Fwp%2Fv2%2Fmedia&parent=15416"}],"wp:term":[{"taxonomy":"category","embeddable":true,"href":"https:\/\/entretormentas.com\/index.php?rest_route=%2Fwp%2Fv2%2Fcategories&post=15416"},{"taxonomy":"post_tag","embeddable":true,"href":"https:\/\/entretormentas.com\/index.php?rest_route=%2Fwp%2Fv2%2Ftags&post=15416"}],"curies":[{"name":"wp","href":"https:\/\/api.w.org\/{rel}","templated":true}]}}