{"id":15419,"date":"2025-04-16T10:35:16","date_gmt":"2025-04-16T08:35:16","guid":{"rendered":"https:\/\/entretormentas.com\/?p=15419"},"modified":"2025-04-16T10:35:16","modified_gmt":"2025-04-16T08:35:16","slug":"a-traves-de-imsasur-alcaldia-de-san-francisco-garantiza-atencion-medica-de-emergencia-en-semana-santa","status":"publish","type":"post","link":"https:\/\/entretormentas.com\/a-traves-de-imsasur-alcaldia-de-san-francisco-garantiza-atencion-medica-de-emergencia-en-semana-santa\/","title":{"rendered":"\u00a1A TRAV\u00c9S DE IMSASUR! Alcald\u00eda de San Francisco garantiza atenci\u00f3n m\u00e9dica de emergencia en Semana Santa"},"content":{"rendered":"\n<p><strong>ENTRE TORMENTAS. <\/strong>La Alcald\u00eda de San Francisco, a trav\u00e9s del Instituto P\u00fablico Municipal de la Salud (Imsasur), ratifica su compromiso con la salud y el bienestar de la poblaci\u00f3n durante el asueto de Semana Santa. Gracias a la eficiente y humanista gesti\u00f3n del alcalde Gustavo Fern\u00e1ndez, el municipio cuenta con un sistema de salud fortalecido, operativo y gratuito que no se detiene, incluso en d\u00edas feriados.<\/p>\n\n\n\n<figure class=\"wp-block-image size-large\"><img fetchpriority=\"high\" decoding=\"async\" width=\"1024\" height=\"768\" src=\"https:\/\/entretormentas.com\/wp-content\/uploads\/2025\/04\/image-256-1024x768.png\" alt=\"\" class=\"wp-image-15421\" srcset=\"https:\/\/entretormentas.com\/wp-content\/uploads\/2025\/04\/image-256-1024x768.png 1024w, https:\/\/entretormentas.com\/wp-content\/uploads\/2025\/04\/image-256-300x225.png 300w, https:\/\/entretormentas.com\/wp-content\/uploads\/2025\/04\/image-256-768x576.png 768w, https:\/\/entretormentas.com\/wp-content\/uploads\/2025\/04\/image-256.png 1280w\" sizes=\"(max-width: 1024px) 100vw, 1024px\" \/><\/figure>\n\n\n\n<p>Durante toda la Semana Mayor, Imsasur mantiene activos sus servicios de atenci\u00f3n m\u00e9dica de emergencia, con el objetivo de ofrecer asistencia oportuna a quienes lo necesiten. San Francisco cuenta con dos \u00e1reas de emergencia permanente:<br>-El Ambulatorio Urbano II Dr. Pedro Iturbe, ubicado en la parroquia El Bajo, con atenci\u00f3n m\u00e9dica gratuita y continua las 24 horas del d\u00eda.<br>-La Unidad de Emergencias de Imsasur, ubicada en la sede principal en la Urbanizaci\u00f3n San Francisco, Av. 25 (al lado del CICPC), que se mantiene operativa en su horario habitual de 7:00 a.m. a 5:00 p.m.<\/p>\n\n\n\n<p>A este despliegue se suma el Sistema M\u00e9dico de Emergencias del Sur (SISMESUR), que trabaja de forma ininterrumpida las 24 horas, los siete d\u00edas de la semana, con ambulancias ubicadas estrat\u00e9gicamente y un equipo de param\u00e9dicos altamente capacitados, con vocaci\u00f3n de servicio y profundo compromiso con la vida. \u201cLa salud no se detiene. Seguimos activos por San Francisco, garantizando atenci\u00f3n m\u00e9dica gratuita y de calidad; con profesionalismo, cercan\u00eda y calidez humana\u201d, expres\u00f3 el director de Imsasur, Dr. Juan Carlos Rangel.<\/p>\n\n\n\n<figure class=\"wp-block-image size-large\"><img decoding=\"async\" width=\"1024\" height=\"768\" src=\"https:\/\/entretormentas.com\/wp-content\/uploads\/2025\/04\/image-257-1024x768.png\" alt=\"\" class=\"wp-image-15422\" srcset=\"https:\/\/entretormentas.com\/wp-content\/uploads\/2025\/04\/image-257-1024x768.png 1024w, https:\/\/entretormentas.com\/wp-content\/uploads\/2025\/04\/image-257-300x225.png 300w, https:\/\/entretormentas.com\/wp-content\/uploads\/2025\/04\/image-257-768x576.png 768w, https:\/\/entretormentas.com\/wp-content\/uploads\/2025\/04\/image-257.png 1080w\" sizes=\"(max-width: 1024px) 100vw, 1024px\" \/><\/figure>\n\n\n\n<p>Desde la instituci\u00f3n se hace un llamado a la ciudadan\u00eda a disfrutar la Semana Santa con responsabilidad, tomando las medidas de prevenci\u00f3n necesarias y manteniendo siempre a mano el n\u00famero de emergencia: 0412-6027700, disponible para reportes o solicitudes de atenci\u00f3n urgente.<\/p>\n\n\n\n<p>Este despliegue forma parte del modelo de gesti\u00f3n integral impulsado por el alcalde Gustavo Fern\u00e1ndez, quien ha priorizado el fortalecimiento del sistema municipal de salud como un eje fundamental de su gobierno. Bajo el lema #GobernamosParaElBien, su administraci\u00f3n ha llevado atenci\u00f3n m\u00e9dica gratuita y de calidad a cada rinc\u00f3n del municipio, consolidando a San Francisco como un ejemplo de pol\u00edticas p\u00fablicas al servicio de la gente.<br><strong><em>ET \/ Alcald\u00eda de San Francisco<\/em><\/strong><\/p>\n","protected":false},"excerpt":{"rendered":"<p>ENTRE TORMENTAS. La Alcald\u00eda de San Francisco, a trav\u00e9s del Instituto P\u00fablico Municipal de la&#8230;<\/p>\n","protected":false},"author":2,"featured_media":15420,"comment_status":"closed","ping_status":"open","sticky":false,"template":"","format":"standard","meta":{"footnotes":""},"categories":[57,1],"tags":[],"class_list":["post-15419","post","type-post","status-publish","format-standard","has-post-thumbnail","hentry","category-actualidad","category-regionales"],"_links":{"self":[{"href":"https:\/\/entretormentas.com\/index.php?rest_route=\/wp\/v2\/posts\/15419","targetHints":{"allow":["GET"]}}],"collection":[{"href":"https:\/\/entretormentas.com\/index.php?rest_route=\/wp\/v2\/posts"}],"about":[{"href":"https:\/\/entretormentas.com\/index.php?rest_route=\/wp\/v2\/types\/post"}],"author":[{"embeddable":true,"href":"https:\/\/entretormentas.com\/index.php?rest_route=\/wp\/v2\/users\/2"}],"replies":[{"embeddable":true,"href":"https:\/\/entretormentas.com\/index.php?rest_route=%2Fwp%2Fv2%2Fcomments&post=15419"}],"version-history":[{"count":1,"href":"https:\/\/entretormentas.com\/index.php?rest_route=\/wp\/v2\/posts\/15419\/revisions"}],"predecessor-version":[{"id":15423,"href":"https:\/\/entretormentas.com\/index.php?rest_route=\/wp\/v2\/posts\/15419\/revisions\/15423"}],"wp:featuredmedia":[{"embeddable":true,"href":"https:\/\/entretormentas.com\/index.php?rest_route=\/wp\/v2\/media\/15420"}],"wp:attachment":[{"href":"https:\/\/entretormentas.com\/index.php?rest_route=%2Fwp%2Fv2%2Fmedia&parent=15419"}],"wp:term":[{"taxonomy":"category","embeddable":true,"href":"https:\/\/entretormentas.com\/index.php?rest_route=%2Fwp%2Fv2%2Fcategories&post=15419"},{"taxonomy":"post_tag","embeddable":true,"href":"https:\/\/entretormentas.com\/index.php?rest_route=%2Fwp%2Fv2%2Ftags&post=15419"}],"curies":[{"name":"wp","href":"https:\/\/api.w.org\/{rel}","templated":true}]}}