{"id":15428,"date":"2025-04-16T10:42:25","date_gmt":"2025-04-16T08:42:25","guid":{"rendered":"https:\/\/entretormentas.com\/?p=15428"},"modified":"2025-04-16T10:42:26","modified_gmt":"2025-04-16T08:42:26","slug":"trabajando-rosales-impulsa-el-nuevo-modelo-de-salud-con-la-inauguracion-del-ambulatorio-simon-bolivar","status":"publish","type":"post","link":"https:\/\/entretormentas.com\/trabajando-rosales-impulsa-el-nuevo-modelo-de-salud-con-la-inauguracion-del-ambulatorio-simon-bolivar\/","title":{"rendered":"\u00a1TRABAJANDO! Rosales impulsa el Nuevo Modelo de Salud con la inauguraci\u00f3n del Ambulatorio \u201cSim\u00f3n Bolivar\u201d"},"content":{"rendered":"\n<p><strong>ENTRE TORMENTAS. <\/strong>Cumpliendo con la palabra empe\u00f1ada, el gobernador del estado Zulia, Manuel Rosales, inaugur\u00f3 la noche de este lunes, 14 de abril, el Centro Cl\u00ednico Ambulatorio Urbano Tipo III \u00abSim\u00f3n Bol\u00edvar\u00bb, espacio sanitario cuya inversi\u00f3n asciende a 223 mil d\u00f3lares y beneficiar\u00e1 a los habitantes de la parroquia \u00abFrancisco Eugenio Bustamante\u00bb de Maracaibo y zonas circunvecinas.<\/p>\n\n\n\n<p>Rosales, al inicio del acto de inauguraci\u00f3n, destac\u00f3 el esfuerzo que junto con su equipo de trabajo realiza en la regi\u00f3n constantemente. \u00abDe la mano de los zulianos, convencidos de que, a pesar de las dificultades, marchamos por los caminos de lucha, remando, avanzando, sin dudarlo, sin detenernos ni echarnos a un lado. Esta es la lucha por nuestra historia, nuestros antepasados, nuestras ra\u00edces, por nuestra madre tierra, expresi\u00f3n de amor y orgullo zuliano\u00bb.<\/p>\n\n\n\n<figure class=\"wp-block-image size-large\"><img fetchpriority=\"high\" decoding=\"async\" width=\"1024\" height=\"576\" src=\"https:\/\/entretormentas.com\/wp-content\/uploads\/2025\/04\/image-262-1024x576.png\" alt=\"\" class=\"wp-image-15431\" srcset=\"https:\/\/entretormentas.com\/wp-content\/uploads\/2025\/04\/image-262-1024x576.png 1024w, https:\/\/entretormentas.com\/wp-content\/uploads\/2025\/04\/image-262-300x169.png 300w, https:\/\/entretormentas.com\/wp-content\/uploads\/2025\/04\/image-262-768x432.png 768w, https:\/\/entretormentas.com\/wp-content\/uploads\/2025\/04\/image-262.png 1080w\" sizes=\"(max-width: 1024px) 100vw, 1024px\" \/><\/figure>\n\n\n\n<p>Manifest\u00f3 que este Centro Cl\u00ednico fue inaugurado en su anterior gesti\u00f3n, en el a\u00f1o 2003 y qued\u00f3 mejor que una cl\u00ednica privada. \u00abLo destruyeron, pero hoy lo venimos a inaugurar de nuevo. Aqu\u00ed est\u00e1 para la gente, para la comunidad, para cuidarlo. En pocos d\u00edas vamos a inaugurar tambi\u00e9n Fonprepol, con servicios modernos\u00bb.<\/p>\n\n\n\n<p>El gobernador Rosales detall\u00f3 los servicios que prestar\u00e1 a la comunidad el Centro Cl\u00ednico Ambulatorio \u00abSim\u00f3n Bol\u00edvar\u00bb: Emergencia y Observaci\u00f3n de Adultos y Pedi\u00e1trica, triaje, laboratorio, sala de cura, rayos X, terapia respiratoria, ducha t\u00e9rmica, precl\u00ednica, vacunaci\u00f3n, odontolog\u00eda, ecograf\u00eda, ginecolog\u00eda, control prenatal, medicina general, pediatr\u00eda, cirug\u00eda menor, consultorio de psicolog\u00eda, espacios para consulta, trabajo social y otras \u00e1reas para el descanso de enfermeras y m\u00e9dicos, farmacia, dep\u00f3sito, seguridad, cocina, sala de espera, recepci\u00f3n, historias m\u00e9dicas y otras importantes para su funcionamiento.<\/p>\n\n\n\n<figure class=\"wp-block-image size-large\"><img decoding=\"async\" width=\"1024\" height=\"576\" src=\"https:\/\/entretormentas.com\/wp-content\/uploads\/2025\/04\/image-261-1024x576.png\" alt=\"\" class=\"wp-image-15430\" srcset=\"https:\/\/entretormentas.com\/wp-content\/uploads\/2025\/04\/image-261-1024x576.png 1024w, https:\/\/entretormentas.com\/wp-content\/uploads\/2025\/04\/image-261-300x169.png 300w, https:\/\/entretormentas.com\/wp-content\/uploads\/2025\/04\/image-261-768x432.png 768w, https:\/\/entretormentas.com\/wp-content\/uploads\/2025\/04\/image-261.png 1080w\" sizes=\"(max-width: 1024px) 100vw, 1024px\" \/><\/figure>\n\n\n\n<p>Anunci\u00f3 que desde la pr\u00f3xima semana comienza el sistema de ex\u00e1menes de laboratorio gratis que funciona en todo el estado Zulia y cubre miles de pruebas. \u00abTenemos una proyecci\u00f3n para este a\u00f1o de un mill\u00f3n 500 mil pruebas completamente gratis. Y aqu\u00ed se van a practicar ex\u00e1menes de hemoglobina, hematocrito, cuenta blanca y f\u00f3rmula, contaje de plaquetas, glicemia , urea, creatinina. Para eso van a tener aqu\u00ed casi dos mil pruebas por mes \u00ab.<\/p>\n\n\n\n<p>Dijo que esto es el cambio, para volver al nuevo Modelo de Salud. \u00abPr\u00f3ximamente vamos a inaugurar otros Centros Cl\u00ednicos como El Lucero, en Cabimas; El Silencio, en San Francisco; las \u00e1reas m\u00e1s importantes del Hospital General de Santa B\u00e1rbara y otros espacios de salud que eran basura, ruinas, abandono y destrucci\u00f3n, pero hoy, como este espacio, la gente puede venir para ser tratado con dignidad y respeto\u00bb.<\/p>\n\n\n\n<p>Resalt\u00f3 que cuando lleg\u00f3 de nuevo a la Gobernaci\u00f3n del Zulia, alrededor de un mill\u00f3n de personas visitaban los centros asistenciales. \u00abLa gente no quer\u00eda ir a los hospitales, porque no hab\u00eda nada. Se sent\u00edan enga\u00f1ados, defraudados. Me encontr\u00e9 muchas personas que me dec\u00edan que no iban a los hospitales, que se curaban con ramas, hojas, hierbas, con remedios caseros. No ten\u00edan confianza en los hospitales\u00bb.<\/p>\n\n\n\n<p>Y apunt\u00f3: \u00abpara este a\u00f1o tenemos una proyecci\u00f3n de m\u00e1s de dos millones de personas que son atendidas de verdad en los hospitales del Zulia, adem\u00e1s, de las que se atienden en los programas de prevenci\u00f3n como Signo Vital, Con Buenos Ojos, en las escuelas y comunidades, Barrio a Barrio, con medicina general, odontolog\u00eda y medicamentos gratis\u201d.<\/p>\n\n\n\n<figure class=\"wp-block-image size-large\"><img decoding=\"async\" width=\"1024\" height=\"576\" src=\"https:\/\/entretormentas.com\/wp-content\/uploads\/2025\/04\/image-263-1024x576.png\" alt=\"\" class=\"wp-image-15432\" srcset=\"https:\/\/entretormentas.com\/wp-content\/uploads\/2025\/04\/image-263-1024x576.png 1024w, https:\/\/entretormentas.com\/wp-content\/uploads\/2025\/04\/image-263-300x169.png 300w, https:\/\/entretormentas.com\/wp-content\/uploads\/2025\/04\/image-263-768x432.png 768w, https:\/\/entretormentas.com\/wp-content\/uploads\/2025\/04\/image-263.png 1080w\" sizes=\"(max-width: 1024px) 100vw, 1024px\" \/><\/figure>\n\n\n\n<p><strong>JAM\u00c1S ABANDONAREMOS AL ZULIA<\/strong><br>En otro orden de ideas, record\u00f3 que jam\u00e1s, en medio de las dificultades que vivimos, ser\u00eda capaz de repetir historias tristes, negras, de entrega, como lo hicieron en el pasado, cuando entregaron al Zulia. \u201cJam\u00e1s abandonaremos al Zulia. Seguimos al frente del Zulia\u00bb.<\/p>\n\n\n\n<p>Recalc\u00f3 que, \u00aba pesar de las dificultades, quienes piensan en soluciones violentas o m\u00e1gicas que no existen, nos inventan artilugios para descalificarnos. No nos interesa , porque nosotros estamos posicionados en la verdad y la raz\u00f3n, por eso seguimos avanzando. No nos podemos detener porque se nos va el tiempo y la vida. Avanzaremos por encima de los obst\u00e1culos y las dificultades. Como Fuente Ovejuna: Todos a una. El Zulia unido con la prosperidad y el desarrollo\u201d.<br><strong><em>ET \/ Nota de Prensa<\/em><\/strong><\/p>\n\n\n\n<p><\/p>\n","protected":false},"excerpt":{"rendered":"<p>ENTRE TORMENTAS. Cumpliendo con la palabra empe\u00f1ada, el gobernador del estado Zulia, Manuel Rosales, inaugur\u00f3&#8230;<\/p>\n","protected":false},"author":2,"featured_media":15429,"comment_status":"closed","ping_status":"open","sticky":false,"template":"","format":"standard","meta":{"footnotes":""},"categories":[57,1],"tags":[],"class_list":["post-15428","post","type-post","status-publish","format-standard","has-post-thumbnail","hentry","category-actualidad","category-regionales"],"_links":{"self":[{"href":"https:\/\/entretormentas.com\/index.php?rest_route=\/wp\/v2\/posts\/15428","targetHints":{"allow":["GET"]}}],"collection":[{"href":"https:\/\/entretormentas.com\/index.php?rest_route=\/wp\/v2\/posts"}],"about":[{"href":"https:\/\/entretormentas.com\/index.php?rest_route=\/wp\/v2\/types\/post"}],"author":[{"embeddable":true,"href":"https:\/\/entretormentas.com\/index.php?rest_route=\/wp\/v2\/users\/2"}],"replies":[{"embeddable":true,"href":"https:\/\/entretormentas.com\/index.php?rest_route=%2Fwp%2Fv2%2Fcomments&post=15428"}],"version-history":[{"count":1,"href":"https:\/\/entretormentas.com\/index.php?rest_route=\/wp\/v2\/posts\/15428\/revisions"}],"predecessor-version":[{"id":15433,"href":"https:\/\/entretormentas.com\/index.php?rest_route=\/wp\/v2\/posts\/15428\/revisions\/15433"}],"wp:featuredmedia":[{"embeddable":true,"href":"https:\/\/entretormentas.com\/index.php?rest_route=\/wp\/v2\/media\/15429"}],"wp:attachment":[{"href":"https:\/\/entretormentas.com\/index.php?rest_route=%2Fwp%2Fv2%2Fmedia&parent=15428"}],"wp:term":[{"taxonomy":"category","embeddable":true,"href":"https:\/\/entretormentas.com\/index.php?rest_route=%2Fwp%2Fv2%2Fcategories&post=15428"},{"taxonomy":"post_tag","embeddable":true,"href":"https:\/\/entretormentas.com\/index.php?rest_route=%2Fwp%2Fv2%2Ftags&post=15428"}],"curies":[{"name":"wp","href":"https:\/\/api.w.org\/{rel}","templated":true}]}}