{"id":15438,"date":"2025-04-16T10:48:47","date_gmt":"2025-04-16T08:48:47","guid":{"rendered":"https:\/\/entretormentas.com\/?p=15438"},"modified":"2025-04-16T10:48:48","modified_gmt":"2025-04-16T08:48:48","slug":"mcm-el-monopolio-opositor-o-la-sombra-de-un-pacto-tacito","status":"publish","type":"post","link":"https:\/\/entretormentas.com\/mcm-el-monopolio-opositor-o-la-sombra-de-un-pacto-tacito\/","title":{"rendered":"MCM: El Monopolio opositor o la sombra de un pacto t\u00e1cito"},"content":{"rendered":"\n<p><strong>ENTRE TORMENTAS.<\/strong> Desde mi perspectiva como un venezolano m\u00e1s, observo con creciente preocupaci\u00f3n el panorama pol\u00edtico de mi pa\u00eds. La persistente crisis que nos azota ha generado un hartazgo comprensible, un anhelo profundo por un cambio que parece cada vez m\u00e1s esquivo.<\/p>\n\n\n\n<p>En este contexto complejo, la figura de Mar\u00eda Corina Machado emerge con una fuerza innegable, capitalizando ese deseo de transformaci\u00f3n. Sin embargo, su estrategia, marcada por un llamado expl\u00edcito a no participar del evento electoral del 25 de mayo, y una aparente intenci\u00f3n de eclipsar liderazgos regionales, plantea una disyuntiva peligrosa para la unidad y la efectividad de la oposici\u00f3n. Peor a\u00fan, comienza a sembrar una duda inquietante: \u00bfpodr\u00eda esta estrategia, parad\u00f3jicamente, estar allanando el camino para la permanencia del oficialismo?<\/p>\n\n\n\n<p>Entiendo la frustraci\u00f3n que impulsa a muchos a considerar la abstenci\u00f3n como una forma de protesta ante un sistema electoral que genera profunda desconfianza. Las experiencias pasadas, marcadas por irregularidades y falta de garant\u00edas, alimentan la sensaci\u00f3n de que participar en procesos viciados solo legitima un status quo inaceptable.<\/p>\n\n\n\n<p>No obstante, la historia nos ense\u00f1a que el vac\u00edo de poder rara vez es llenado por fuerzas benignas. La abstenci\u00f3n, si bien puede ser una expresi\u00f3n leg\u00edtima de rechazo, conlleva el riesgo de entregar espacios pol\u00edticos cruciales al oficialismo, consolidando a\u00fan m\u00e1s su control y dificultando cualquier v\u00eda futura de cambio.<\/p>\n\n\n\n<p>Los liderazgos regionales, con su conocimiento del terreno y su capacidad de movilizaci\u00f3n local, representan un tejido social importante para mantener viva la esperanza y articular alternativas concretas en cada rinc\u00f3n del pa\u00eds.<\/p>\n\n\n\n<p>La tarea de fragmentar a esta oposici\u00f3n regional, de minimizar su importancia en el imaginario colectivo, para erigirse como la \u00fanica figura capaz de liderar la transici\u00f3n, me genera serias dudas. Si bien es innegable la necesidad de un liderazgo fuerte y coherente a nivel nacional, la atomizaci\u00f3n de la oposici\u00f3n en torno a una \u00fanica figura, por carism\u00e1tica que sea, puede resultar contraproducente. Debilita la pluralidad de voces, desincentiva la construcci\u00f3n de consensos y, en \u00faltima instancia, reduce la capacidad de presentar una alternativa s\u00f3lida y cre\u00edble al pa\u00eds.<\/p>\n\n\n\n<p>Pero mi inquietud va m\u00e1s all\u00e1. La inhabilitaci\u00f3n de Mar\u00eda Corina le impidi\u00f3, de facto, \u00abcobrar\u00bb el triunfo de las primarias y, posteriormente el de una vicepresidencia que podr\u00eda haber marcado un punto de inflexi\u00f3n.<\/p>\n\n\n\n<p>Ante esta realidad inamovible, su insistencia en una ruta que parece marginar a otros l\u00edderes opositores con potencial de consolidar aspiraciones leg\u00edtimas levanta una sospecha inc\u00f3moda: \u00bfpodr\u00eda su estrategia, consciente o inconscientemente, estar despejando el camino para la continuidad del oficialismo?<\/p>\n\n\n\n<p>Si otros l\u00edderes con arraigo y capacidad de movilizaci\u00f3n son sistem\u00e1ticamente relegados, \u00bfqui\u00e9n capitalizar\u00e1 el descontento popular si la v\u00eda abstencionista promovida por Machado no logra los resultados esperados? La respuesta, lamentablemente, parece favorecer al oficialismo, que se beneficiar\u00eda de una oposici\u00f3n dividida y desmovilizada.<\/p>\n\n\n\n<p>Aunque Mar\u00eda Corina niegue cualquier intenci\u00f3n de favorecer al gobierno, los hechos y las consecuencias de su estrategia actual generan un debate necesario. \u00bfNo ser\u00eda m\u00e1s estrat\u00e9gico construir una plataforma unitaria que incluya y fortalezca a los liderazgos regionales, presentando una alternativa s\u00f3lida y con opciones reales de participaci\u00f3n, incluso en un sistema electoral cuestionado? \u00bfNo ser\u00eda m\u00e1s beneficioso para la causa democr\u00e1tica sumar fuerzas en lugar de restar, construyendo un camino hacia el cambio que involucre a todos los sectores de la oposici\u00f3n?<\/p>\n\n\n\n<p>Venezuela es un mosaico de realidades y sensibilidades diversas. Los liderazgos regionales han surgido precisamente de esa diversidad, representando las necesidades y aspiraciones particulares de sus comunidades. Despojarlos de su legitimidad y su capacidad de acci\u00f3n no solo ignora esa riqueza plural, sino que tambi\u00e9n debilita la base territorial de cualquier proyecto de cambio. Una oposici\u00f3n cohesionada y articulada, que valore y potencie sus liderazgos locales, es mucho m\u00e1s resiliente y capaz de enfrentar los desaf\u00edos que se avecinan.<\/p>\n\n\n\n<p>La encrucijada es a\u00fan m\u00e1s compleja ahora: \u00bfcedemos ante la tentaci\u00f3n de la abstenci\u00f3n y el monopolio de una \u00fanica figura, corriendo el riesgo de allanar el camino al oficialismo, o apostamos por la construcci\u00f3n de una unidad diversa y robusta, que valore la pluralidad de sus liderazgos y participe activamente en la lucha por la restituci\u00f3n de la democracia, incluso explorando v\u00edas de participaci\u00f3n estrat\u00e9gica?<\/p>\n\n\n\n<p>Como venezolano que anhela un futuro de libertad y prosperidad para mi pa\u00eds, creo firmemente en la segunda opci\u00f3n. Es hora de trascender las individualidades y construir un frente amplio y cohesionado, donde las voces regionales sean escuchadas y valoradas, y donde la participaci\u00f3n activa, a pesar de las dificultades, siga siendo el camino para reclamar nuestro futuro.<\/p>\n\n\n\n<p>\u00a1El 25 de mayo los espero para que sigamos construyendo el futuro del pais que merecemos mediante el voto!<\/p>\n\n\n\n<p><strong><em>Por Sandy Ulacio<br>Periodista \/ Analista pol\u00edtico<\/em><\/strong><\/p>\n\n\n\n<p><\/p>\n","protected":false},"excerpt":{"rendered":"<p>ENTRE TORMENTAS. Desde mi perspectiva como un venezolano m\u00e1s, observo con creciente preocupaci\u00f3n el panorama&#8230;<\/p>\n","protected":false},"author":2,"featured_media":15439,"comment_status":"closed","ping_status":"open","sticky":false,"template":"","format":"standard","meta":{"footnotes":""},"categories":[50],"tags":[],"class_list":["post-15438","post","type-post","status-publish","format-standard","has-post-thumbnail","hentry","category-opinion"],"_links":{"self":[{"href":"https:\/\/entretormentas.com\/index.php?rest_route=\/wp\/v2\/posts\/15438","targetHints":{"allow":["GET"]}}],"collection":[{"href":"https:\/\/entretormentas.com\/index.php?rest_route=\/wp\/v2\/posts"}],"about":[{"href":"https:\/\/entretormentas.com\/index.php?rest_route=\/wp\/v2\/types\/post"}],"author":[{"embeddable":true,"href":"https:\/\/entretormentas.com\/index.php?rest_route=\/wp\/v2\/users\/2"}],"replies":[{"embeddable":true,"href":"https:\/\/entretormentas.com\/index.php?rest_route=%2Fwp%2Fv2%2Fcomments&post=15438"}],"version-history":[{"count":1,"href":"https:\/\/entretormentas.com\/index.php?rest_route=\/wp\/v2\/posts\/15438\/revisions"}],"predecessor-version":[{"id":15440,"href":"https:\/\/entretormentas.com\/index.php?rest_route=\/wp\/v2\/posts\/15438\/revisions\/15440"}],"wp:featuredmedia":[{"embeddable":true,"href":"https:\/\/entretormentas.com\/index.php?rest_route=\/wp\/v2\/media\/15439"}],"wp:attachment":[{"href":"https:\/\/entretormentas.com\/index.php?rest_route=%2Fwp%2Fv2%2Fmedia&parent=15438"}],"wp:term":[{"taxonomy":"category","embeddable":true,"href":"https:\/\/entretormentas.com\/index.php?rest_route=%2Fwp%2Fv2%2Fcategories&post=15438"},{"taxonomy":"post_tag","embeddable":true,"href":"https:\/\/entretormentas.com\/index.php?rest_route=%2Fwp%2Fv2%2Ftags&post=15438"}],"curies":[{"name":"wp","href":"https:\/\/api.w.org\/{rel}","templated":true}]}}