{"id":15445,"date":"2025-04-16T10:53:48","date_gmt":"2025-04-16T08:53:48","guid":{"rendered":"https:\/\/entretormentas.com\/?p=15445"},"modified":"2025-04-16T10:53:49","modified_gmt":"2025-04-16T08:53:49","slug":"llama-a-participar-el-25-may-chuo-torrealba-afirma-que-se-debe-reivindicar-el-voto-a-traves-de-su-uso","status":"publish","type":"post","link":"https:\/\/entretormentas.com\/llama-a-participar-el-25-may-chuo-torrealba-afirma-que-se-debe-reivindicar-el-voto-a-traves-de-su-uso\/","title":{"rendered":"\u00a1LLAMA A PARTICIPAR EL 25-MAY! Chuo Torrealba afirma que se debe reivindicar el voto a trav\u00e9s de su uso"},"content":{"rendered":"\n<p><strong>ENTRE TORMENTAS. <\/strong>El coordinador de la red de Defensa Ciudadana de la Democracia (DECIDE), Jes\u00fas \u00abChuo\u00bb Torrealba, afirm\u00f3 este martes que los integrantes de la plataforma coinciden en que \u00abvoto es un instrumento que hay que reivindicarlo\u00bb a trav\u00e9s de su ejercicio.<\/p>\n\n\n\n<p>Torrealba inform\u00f3 que la red est\u00e1 \u00abestimulando\u00bb a las organizaciones pol\u00edticas para que las listas de sus candidatos para las elecciones del pr\u00f3ximo 25 de mayo expresen \u00ablos anhelos de la sociedad\u00bb.<\/p>\n\n\n\n<p>\u00abQue el perfil de su postulado corresponda m\u00e1s a lo que la sociedad requiere en este momento que a las necesidades del aparato partidista\u00ab, dijo.<\/p>\n\n\n\n<p>En entrevista concedida al programa Sin Duda que transmite Uni\u00f3n Radio, aclar\u00f3 que la plataforma se cre\u00f3 para llamar a la participaci\u00f3n electoral y para ser \u00abun espacio de encuentro, articulaci\u00f3n y discusi\u00f3n abierta\u00bb.<br><strong><em>ET \/ Agencias<\/em><\/strong><\/p>\n","protected":false},"excerpt":{"rendered":"<p>ENTRE TORMENTAS. El coordinador de la red de Defensa Ciudadana de la Democracia (DECIDE), Jes\u00fas&#8230;<\/p>\n","protected":false},"author":2,"featured_media":15446,"comment_status":"closed","ping_status":"open","sticky":false,"template":"","format":"standard","meta":{"footnotes":""},"categories":[56,49],"tags":[],"class_list":["post-15445","post","type-post","status-publish","format-standard","has-post-thumbnail","hentry","category-destacadas","category-nacionales"],"_links":{"self":[{"href":"https:\/\/entretormentas.com\/index.php?rest_route=\/wp\/v2\/posts\/15445","targetHints":{"allow":["GET"]}}],"collection":[{"href":"https:\/\/entretormentas.com\/index.php?rest_route=\/wp\/v2\/posts"}],"about":[{"href":"https:\/\/entretormentas.com\/index.php?rest_route=\/wp\/v2\/types\/post"}],"author":[{"embeddable":true,"href":"https:\/\/entretormentas.com\/index.php?rest_route=\/wp\/v2\/users\/2"}],"replies":[{"embeddable":true,"href":"https:\/\/entretormentas.com\/index.php?rest_route=%2Fwp%2Fv2%2Fcomments&post=15445"}],"version-history":[{"count":1,"href":"https:\/\/entretormentas.com\/index.php?rest_route=\/wp\/v2\/posts\/15445\/revisions"}],"predecessor-version":[{"id":15447,"href":"https:\/\/entretormentas.com\/index.php?rest_route=\/wp\/v2\/posts\/15445\/revisions\/15447"}],"wp:featuredmedia":[{"embeddable":true,"href":"https:\/\/entretormentas.com\/index.php?rest_route=\/wp\/v2\/media\/15446"}],"wp:attachment":[{"href":"https:\/\/entretormentas.com\/index.php?rest_route=%2Fwp%2Fv2%2Fmedia&parent=15445"}],"wp:term":[{"taxonomy":"category","embeddable":true,"href":"https:\/\/entretormentas.com\/index.php?rest_route=%2Fwp%2Fv2%2Fcategories&post=15445"},{"taxonomy":"post_tag","embeddable":true,"href":"https:\/\/entretormentas.com\/index.php?rest_route=%2Fwp%2Fv2%2Ftags&post=15445"}],"curies":[{"name":"wp","href":"https:\/\/api.w.org\/{rel}","templated":true}]}}