{"id":15448,"date":"2025-04-16T10:55:58","date_gmt":"2025-04-16T08:55:58","guid":{"rendered":"https:\/\/entretormentas.com\/?p=15448"},"modified":"2025-04-16T10:55:59","modified_gmt":"2025-04-16T08:55:59","slug":"anuncio-maduro-convoca-a-la-clase-obrera-y-al-pueblo-armado-a-marchar-el-1-de-mayo-por-la-paz","status":"publish","type":"post","link":"https:\/\/entretormentas.com\/anuncio-maduro-convoca-a-la-clase-obrera-y-al-pueblo-armado-a-marchar-el-1-de-mayo-por-la-paz\/","title":{"rendered":"\u00a1ANUNCIO! Maduro convoca a la \u00abclase obrera\u00bb y al \u00abpueblo armado\u00bb a marchar el 1 de mayo por la paz"},"content":{"rendered":"\n<p><strong>ENTRE TORMENTAS. <\/strong>Nicol\u00e1s Maduro, quien jur\u00f3 en enero pasado para un tercer mandato en Venezuela tras su cuestionada reelecci\u00f3n, convoc\u00f3 este lunes a la \u00abclase obrera\u00bb y al \u00abpueblo armado\u00bb a una concentraci\u00f3n el pr\u00f3ximo 1 de mayo por la paz, como parte de la celebraci\u00f3n del D\u00eda Internacional del Trabajo.<\/p>\n\n\n\n<p>\u00abHagamos una poderosa marcha de la clase obrera, los cuerpos combatientes y la Milicia Nacional Bolivariana en todas las ciudades del pa\u00eds, de punta a punta, clase obrera y pueblo armado en las calles gritando paz\u00bb, manifest\u00f3 el l\u00edder chavista en una transmisi\u00f3n del canal estatal Venezolana de Televisi\u00f3n (VTV), rodeado de autoridades militares.<\/p>\n\n\n\n<p>Asimismo, afirm\u00f3 que Venezuela est\u00e1 m\u00e1s armada que \u00abnunca\u00bb para \u00abdefender el sagrado sue\u00f1o de una patria libre, el sagrado suelo de una tierra heroica, Venezuela\u00bb.<br>Maduro llam\u00f3 a todos los militares a \u00abmantenerse en forma\u00bb con una \u00abcapacidad de despliegue\u00bb y, adem\u00e1s, \u00abuna visual muy clara de todo el territorio nacional\u00bb.<\/p>\n\n\n\n<p>\u00abNosotros tenemos, siempre, permanente agresi\u00f3n y amenazas externas que hay que saberlas llevar, controlar y derrotar permanentemente\u00bb, asegur\u00f3.<\/p>\n\n\n\n<p>Explic\u00f3 que Venezuela est\u00e1 dividida en ocho regiones de defensa integral que, agreg\u00f3, tienen que funcionar \u00abde manera perfecta\u00bb por la defensa del pa\u00eds.<\/p>\n\n\n\n<p>\u00abHoy tenemos una Fuerza Armada Nacional Bolivariana mejor moralizada, mejor preparada y tenemos una Milicia Nacional Bolivariana preparada para todo, sobre todo para la victoria\u00bb, manifest\u00f3 Maduro.<\/p>\n\n\n\n<p>Adem\u00e1s, indic\u00f3 que en Venezuela se tiene que mantener activada \u00abtoda la capacidad de acci\u00f3n-reacci\u00f3n\u00bb y \u00abperfeccionar todos los mecanismos de preparaci\u00f3n, entrenamiento\u00bb y \u00abseguir perfeccionando los mecanismos para acceder al armamento\u00bb.<br><strong><em>ET \/ EFE<\/em><\/strong><\/p>\n\n\n\n<p><\/p>\n","protected":false},"excerpt":{"rendered":"<p>ENTRE TORMENTAS. Nicol\u00e1s Maduro, quien jur\u00f3 en enero pasado para un tercer mandato en Venezuela&#8230;<\/p>\n","protected":false},"author":2,"featured_media":15449,"comment_status":"closed","ping_status":"open","sticky":false,"template":"","format":"standard","meta":{"footnotes":""},"categories":[56,49],"tags":[],"class_list":["post-15448","post","type-post","status-publish","format-standard","has-post-thumbnail","hentry","category-destacadas","category-nacionales"],"_links":{"self":[{"href":"https:\/\/entretormentas.com\/index.php?rest_route=\/wp\/v2\/posts\/15448","targetHints":{"allow":["GET"]}}],"collection":[{"href":"https:\/\/entretormentas.com\/index.php?rest_route=\/wp\/v2\/posts"}],"about":[{"href":"https:\/\/entretormentas.com\/index.php?rest_route=\/wp\/v2\/types\/post"}],"author":[{"embeddable":true,"href":"https:\/\/entretormentas.com\/index.php?rest_route=\/wp\/v2\/users\/2"}],"replies":[{"embeddable":true,"href":"https:\/\/entretormentas.com\/index.php?rest_route=%2Fwp%2Fv2%2Fcomments&post=15448"}],"version-history":[{"count":1,"href":"https:\/\/entretormentas.com\/index.php?rest_route=\/wp\/v2\/posts\/15448\/revisions"}],"predecessor-version":[{"id":15450,"href":"https:\/\/entretormentas.com\/index.php?rest_route=\/wp\/v2\/posts\/15448\/revisions\/15450"}],"wp:featuredmedia":[{"embeddable":true,"href":"https:\/\/entretormentas.com\/index.php?rest_route=\/wp\/v2\/media\/15449"}],"wp:attachment":[{"href":"https:\/\/entretormentas.com\/index.php?rest_route=%2Fwp%2Fv2%2Fmedia&parent=15448"}],"wp:term":[{"taxonomy":"category","embeddable":true,"href":"https:\/\/entretormentas.com\/index.php?rest_route=%2Fwp%2Fv2%2Fcategories&post=15448"},{"taxonomy":"post_tag","embeddable":true,"href":"https:\/\/entretormentas.com\/index.php?rest_route=%2Fwp%2Fv2%2Ftags&post=15448"}],"curies":[{"name":"wp","href":"https:\/\/api.w.org\/{rel}","templated":true}]}}