{"id":15451,"date":"2025-04-16T10:58:15","date_gmt":"2025-04-16T08:58:15","guid":{"rendered":"https:\/\/entretormentas.com\/?p=15451"},"modified":"2025-04-16T10:58:15","modified_gmt":"2025-04-16T08:58:15","slug":"para-venezolanos-cubanos-haitianos-y-nicaraguenses-jueza-impide-que-gobierno-de-trump-ponga-fin-al-parole-humanitario","status":"publish","type":"post","link":"https:\/\/entretormentas.com\/para-venezolanos-cubanos-haitianos-y-nicaraguenses-jueza-impide-que-gobierno-de-trump-ponga-fin-al-parole-humanitario\/","title":{"rendered":"\u00a1PARA VENEZOLANOS, CUBANOS HAITIANOS Y NICARAG\u00dcENSES! Jueza impide que Gobierno de Trump ponga fin al parole humanitario"},"content":{"rendered":"\n<p><strong>ENTRE TORMENTAS. <\/strong>Una jueza federal dictamin\u00f3 el lunes que la administraci\u00f3n de Trump no pod\u00eda terminar categ\u00f3ricamente a finales de este mes las protecciones existentes contra la deportaci\u00f3n para inmigrantes venezolanos, cubanos, haitianos, nicarag\u00fcenses bajo un programa de ayuda humanitaria.<\/p>\n\n\n\n<p>Este es el \u00faltimo rev\u00e9s legal en los esfuerzos del presidente Donald Trump por implementar r\u00e1pidamente cambios radicales en el sistema de inmigraci\u00f3n.<\/p>\n\n\n\n<p>La jueza federal de distrito Indira Talwani declar\u00f3 que el Gobierno no actu\u00f3 dentro de los l\u00edmites regulatorios establecidos en la Ley de Procedimiento Administrativo al intentar acortar dr\u00e1sticamente el plazo de dos a\u00f1os para la finalizaci\u00f3n del programa.<\/p>\n\n\n\n<p>\u201cLos demandados no han ofrecido ninguna raz\u00f3n sustancial ni inter\u00e9s p\u00fablico que justifique obligar a las personas a quienes se les concedi\u00f3 el permiso de permanencia temporal en Estados Unidos por un per\u00edodo espec\u00edfico a salir (o a obtener un estatus indocumentado) antes de la fecha original de vencimiento de su libertad condicional\u201d, escribi\u00f3 Talwani, designada por el presidente Barack Obama.<\/p>\n\n\n\n<p>\u201cTampoco es de inter\u00e9s p\u00fablico declarar sumariamente que cientos de miles de personas ya no se consideran legalmente presentes en el pa\u00eds, de modo que no pueden trabajar legalmente en sus comunidades ni mantenerse a s\u00ed mismos y a sus familias\u201d. Talwani anul\u00f3 la decisi\u00f3n de Trump de cancelar el 24 de abril los beneficios migratorios otorgados por razones humanitarias a esos migrantes, bajo el programa del Gobierno de Biden conocido como permiso de permanencia temporal o CHNV (por las siglas de los pa\u00edses).<\/p>\n\n\n\n<p>Dichas protecciones generalmente deben mantenerse hasta su vencimiento natural, dijo Talwani, vencimiento que se puso en marcha con la decisi\u00f3n de octubre de 2024 del Gobierno de Biden de que el gobierno federal ya no volver\u00eda a otorgar el parole humanitario a los migrantes bajo ese programa una vez que venciera el plazo de dos a\u00f1os de los beneficios, que incluye la autorizaci\u00f3n de trabajo.La jueza especific\u00f3 que su orden se aplica a cualquier intento de finalizar anticipadamente las protecciones de forma masiva y sin una revisi\u00f3n caso por caso.<\/p>\n\n\n\n<p>La demanda fue presentada por inmigrantes con libertad condicional y sus patrocinadores en Estados Unidos, quienes argumentaron que la suspensi\u00f3n abrupta del programa causar\u00eda graves da\u00f1os a miles de personas en libertad condicional. El gobierno defendi\u00f3 la pausa como un uso temporal y legal de la autoridad ejecutiva para una mayor verificaci\u00f3n de seguridad e insisti\u00f3 en que el parole humanitario es una medida discrecional.<\/p>\n\n\n\n<p>Los portavoces del Departamento de Justicia no respondieron de inmediato a la solicitud de comentarios sobre el fallo. \u201cEn nombre de todos aquellos que llegaron a Estados Unidos a trav\u00e9s del programa CHNV, hicieron todo lo que el gobierno les pidi\u00f3 y han estado viviendo con el temor de que su estatus legal y sus permisos de trabajo les fueran retirados el 24 de abril, nos sentimos aliviados por la decisi\u00f3n del tribunal, que se basa tanto en el da\u00f1o que estas personas sufrir\u00edan como en su probabilidad de ganar este caso\u201d, declar\u00f3 Anwen Hughes, abogada del demandante y directora s\u00e9nior de estrategia legal para los programas de refugiados de Human Rights First.<br><strong><em>ET \/ Agencias<\/em><\/strong><\/p>\n","protected":false},"excerpt":{"rendered":"<p>ENTRE TORMENTAS. Una jueza federal dictamin\u00f3 el lunes que la administraci\u00f3n de Trump no pod\u00eda&#8230;<\/p>\n","protected":false},"author":2,"featured_media":15452,"comment_status":"closed","ping_status":"open","sticky":false,"template":"","format":"standard","meta":{"footnotes":""},"categories":[56,48],"tags":[],"class_list":["post-15451","post","type-post","status-publish","format-standard","has-post-thumbnail","hentry","category-destacadas","category-internacionales"],"_links":{"self":[{"href":"https:\/\/entretormentas.com\/index.php?rest_route=\/wp\/v2\/posts\/15451","targetHints":{"allow":["GET"]}}],"collection":[{"href":"https:\/\/entretormentas.com\/index.php?rest_route=\/wp\/v2\/posts"}],"about":[{"href":"https:\/\/entretormentas.com\/index.php?rest_route=\/wp\/v2\/types\/post"}],"author":[{"embeddable":true,"href":"https:\/\/entretormentas.com\/index.php?rest_route=\/wp\/v2\/users\/2"}],"replies":[{"embeddable":true,"href":"https:\/\/entretormentas.com\/index.php?rest_route=%2Fwp%2Fv2%2Fcomments&post=15451"}],"version-history":[{"count":1,"href":"https:\/\/entretormentas.com\/index.php?rest_route=\/wp\/v2\/posts\/15451\/revisions"}],"predecessor-version":[{"id":15453,"href":"https:\/\/entretormentas.com\/index.php?rest_route=\/wp\/v2\/posts\/15451\/revisions\/15453"}],"wp:featuredmedia":[{"embeddable":true,"href":"https:\/\/entretormentas.com\/index.php?rest_route=\/wp\/v2\/media\/15452"}],"wp:attachment":[{"href":"https:\/\/entretormentas.com\/index.php?rest_route=%2Fwp%2Fv2%2Fmedia&parent=15451"}],"wp:term":[{"taxonomy":"category","embeddable":true,"href":"https:\/\/entretormentas.com\/index.php?rest_route=%2Fwp%2Fv2%2Fcategories&post=15451"},{"taxonomy":"post_tag","embeddable":true,"href":"https:\/\/entretormentas.com\/index.php?rest_route=%2Fwp%2Fv2%2Ftags&post=15451"}],"curies":[{"name":"wp","href":"https:\/\/api.w.org\/{rel}","templated":true}]}}