{"id":15457,"date":"2025-04-16T22:15:10","date_gmt":"2025-04-16T20:15:10","guid":{"rendered":"https:\/\/entretormentas.com\/?p=15457"},"modified":"2025-04-16T22:15:11","modified_gmt":"2025-04-16T20:15:11","slug":"para-la-reeleccion-este-25-may-adecos-por-la-defensa-del-zulia-anuncian-su-respaldo-a-manuel-rosales","status":"publish","type":"post","link":"https:\/\/entretormentas.com\/para-la-reeleccion-este-25-may-adecos-por-la-defensa-del-zulia-anuncian-su-respaldo-a-manuel-rosales\/","title":{"rendered":"\u00a1PARA LA REELECCI\u00d3N ESTE 25-MAY! \u201cAdecos por la defensa del Zulia\u201d anuncian su respaldo a Manuel Rosales"},"content":{"rendered":"\n<p><strong>ENTRE TORMENTAS. <\/strong>A trav\u00e9s de un comunicado difundido por las redes sociales, la agrupaci\u00f3n \u201cAdecos por la defensa del Zulia\u201d, aseguraron que a casi 100 a\u00f1os del inicio de la lucha por la defensa de la democracia en el pa\u00eds, contin\u00faan con este legado y brindan su respaldo a Manuel Rosales actual gobernador del Zulia, para su reelecci\u00f3n el pr\u00f3ximo 25 de mayo.<\/p>\n\n\n\n<p>En la comunicaci\u00f3n, los integrantes de esta nueva ala de Acci\u00f3n Democr\u00e1tica, afirman que se constituyeron en torno a una causa real en la que creen como lo es el \u201crenacimiento de una rep\u00fablica libre y plenamente democr\u00e1tica\u201d, esto basado en la g\u00e9nesis de la democracia venezolana que tuvo como protagonistas a luchadores como R\u00f3mulo Betancourt, Andr\u00e9s Eloy Blanco, Luis Alfaro Ucero, Luis Beltr\u00e1n Prieto Figueroa, entre otros; quienes dieron paso a la transformaci\u00f3n de Venezuela despu\u00e9s de la dictadura de Marcos P\u00e9rez Jim\u00e9nez.<\/p>\n\n\n\n<figure class=\"wp-block-image size-large\"><img fetchpriority=\"high\" decoding=\"async\" width=\"791\" height=\"1024\" src=\"https:\/\/entretormentas.com\/wp-content\/uploads\/2025\/04\/image-273-791x1024.png\" alt=\"\" class=\"wp-image-15459\" srcset=\"https:\/\/entretormentas.com\/wp-content\/uploads\/2025\/04\/image-273-791x1024.png 791w, https:\/\/entretormentas.com\/wp-content\/uploads\/2025\/04\/image-273-232x300.png 232w, https:\/\/entretormentas.com\/wp-content\/uploads\/2025\/04\/image-273-768x994.png 768w, https:\/\/entretormentas.com\/wp-content\/uploads\/2025\/04\/image-273-1187x1536.png 1187w, https:\/\/entretormentas.com\/wp-content\/uploads\/2025\/04\/image-273-1582x2048.png 1582w, https:\/\/entretormentas.com\/wp-content\/uploads\/2025\/04\/image-273-1024x1325.png 1024w, https:\/\/entretormentas.com\/wp-content\/uploads\/2025\/04\/image-273.png 1978w\" sizes=\"(max-width: 791px) 100vw, 791px\" \/><\/figure>\n\n\n\n<p>Para este grupo de Adecos el voto es la herramienta fundamental y estos siguen en su defensa para la b\u00fasqueda de un bienestar para los ciudadanos y por ello, as\u00ed como lo demostraron el pasado 28 de julio del 2024, donde acompa\u00f1aron a la poblaci\u00f3n a ejercer su derecho, continuar\u00e1n por la lucha y defensa del sufragio este 25 de mayo en apoyo al actual gobernador del Zulia, quien ha demostrado su compromiso en la recuperaci\u00f3n de la regi\u00f3n, la cual durante casi 10 a\u00f1os estuvo sucumbida bajo la destrucci\u00f3n, oscuridad, y miseria.<\/p>\n\n\n\n<p>Aseveraron en la comunicaci\u00f3n que Manuel Rosales retorn\u00f3 la esperanza al Zulia, y es calificado como el mejor gobernador en la historia de la entidad y que en base a los resultados palpables de su gesti\u00f3n, los lleva a reafirmar que seguir\u00e1n con su legado inextinguible por los zulianos, por sus convicciones firmes e innegociables, ratificando que el estado seguir\u00e1 como un basti\u00f3n de lucha y libertad y que estar\u00e1n en las calles y en las urnas electorales para garantizar el voto a favor de Rosales y en defensa del Zulia.<br><strong><em>ET \/ Nota de Prensa<\/em><\/strong><\/p>\n","protected":false},"excerpt":{"rendered":"<p>ENTRE TORMENTAS. A trav\u00e9s de un comunicado difundido por las redes sociales, la agrupaci\u00f3n \u201cAdecos&#8230;<\/p>\n","protected":false},"author":2,"featured_media":15458,"comment_status":"closed","ping_status":"open","sticky":false,"template":"","format":"standard","meta":{"footnotes":""},"categories":[56,1],"tags":[],"class_list":["post-15457","post","type-post","status-publish","format-standard","has-post-thumbnail","hentry","category-destacadas","category-regionales"],"_links":{"self":[{"href":"https:\/\/entretormentas.com\/index.php?rest_route=\/wp\/v2\/posts\/15457","targetHints":{"allow":["GET"]}}],"collection":[{"href":"https:\/\/entretormentas.com\/index.php?rest_route=\/wp\/v2\/posts"}],"about":[{"href":"https:\/\/entretormentas.com\/index.php?rest_route=\/wp\/v2\/types\/post"}],"author":[{"embeddable":true,"href":"https:\/\/entretormentas.com\/index.php?rest_route=\/wp\/v2\/users\/2"}],"replies":[{"embeddable":true,"href":"https:\/\/entretormentas.com\/index.php?rest_route=%2Fwp%2Fv2%2Fcomments&post=15457"}],"version-history":[{"count":1,"href":"https:\/\/entretormentas.com\/index.php?rest_route=\/wp\/v2\/posts\/15457\/revisions"}],"predecessor-version":[{"id":15460,"href":"https:\/\/entretormentas.com\/index.php?rest_route=\/wp\/v2\/posts\/15457\/revisions\/15460"}],"wp:featuredmedia":[{"embeddable":true,"href":"https:\/\/entretormentas.com\/index.php?rest_route=\/wp\/v2\/media\/15458"}],"wp:attachment":[{"href":"https:\/\/entretormentas.com\/index.php?rest_route=%2Fwp%2Fv2%2Fmedia&parent=15457"}],"wp:term":[{"taxonomy":"category","embeddable":true,"href":"https:\/\/entretormentas.com\/index.php?rest_route=%2Fwp%2Fv2%2Fcategories&post=15457"},{"taxonomy":"post_tag","embeddable":true,"href":"https:\/\/entretormentas.com\/index.php?rest_route=%2Fwp%2Fv2%2Ftags&post=15457"}],"curies":[{"name":"wp","href":"https:\/\/api.w.org\/{rel}","templated":true}]}}