{"id":15461,"date":"2025-04-16T22:18:09","date_gmt":"2025-04-16T20:18:09","guid":{"rendered":"https:\/\/entretormentas.com\/?p=15461"},"modified":"2025-04-16T22:18:09","modified_gmt":"2025-04-16T20:18:09","slug":"respaldo-politico-el-mas-invita-a-votar-por-rosales-para-seguir-transformando-al-zulia","status":"publish","type":"post","link":"https:\/\/entretormentas.com\/respaldo-politico-el-mas-invita-a-votar-por-rosales-para-seguir-transformando-al-zulia\/","title":{"rendered":"\u00a1RESPALDO POL\u00cdTICO! El MAS invita a votar por Rosales para seguir transformando al Zulia"},"content":{"rendered":"\n<p><br>\u200e<strong>ENTRE TORMENTAS.<\/strong> \u200e\u00bbDesde nuestra militancia apoyamos contundentemente al actual gobernador Manuel Rosales Guerrero, y no descansaremos hasta brindarle a trav\u00e9s de nuestros votos un nuevo periodo de gesti\u00f3n a quien sin duda alguna ha rescatado y transformado a esta regi\u00f3n\u00bb, as\u00ed lo dio a conocer Jes\u00fas Medina, presidente del MAS, en el estado, luego del acto de conformaci\u00f3n del voluntariado Unidos por el Zulia.<br>\u200e<br>\u200eEl tambi\u00e9n sub secretario nacional de la tolda naranja, manifest\u00f3 la importancia de este voluntariado que re\u00fane las diferentes fuerzas vivas y organizadas en pro de respaldar al gobernador m\u00e1s exitoso que ha tenido el Zulia, y que de forma democr\u00e1tica y electoral, respaldar\u00e1n este pr\u00f3ximo 25 de mayo para consolidar su reelecci\u00f3n.<br>\u200e<br>\u200e\u00bbAc\u00e1 estamos nuevamente, haciendo saber que el MAS est\u00e1 presente para trabajar porque no solamente Rosales sea el gobernador, sino que tambi\u00e9n, gane nuestra estructura legislativa en el estado y en la Asamblea Nacional, para as\u00ed desde el Zulia seguir siendo el basti\u00f3n que necesita este pa\u00eds en su transformaci\u00f3n\u00bb, declar\u00f3 Medina.<br>\u200e<br>\u200eDe igual manera, el dirigente pol\u00edtico, invit\u00f3 a toda la ciudadan\u00eda a utilizar el voto como la herramienta fundamental para poder mantener los espacios y en democracia darle continuidad al gran trabajo que se viene haciendo en el Zulia de la mano del gobernador Manuel Rosales Guerrero.<br><strong><em>\u200eET \/ Nota de Prensa<\/em><\/strong><\/p>\n\n\n\n<p><\/p>\n","protected":false},"excerpt":{"rendered":"<p>\u200eENTRE TORMENTAS. \u200e\u00bbDesde nuestra militancia apoyamos contundentemente al actual gobernador Manuel Rosales Guerrero, y no&#8230;<\/p>\n","protected":false},"author":2,"featured_media":15462,"comment_status":"closed","ping_status":"open","sticky":false,"template":"","format":"standard","meta":{"footnotes":""},"categories":[56,1],"tags":[],"class_list":["post-15461","post","type-post","status-publish","format-standard","has-post-thumbnail","hentry","category-destacadas","category-regionales"],"_links":{"self":[{"href":"https:\/\/entretormentas.com\/index.php?rest_route=\/wp\/v2\/posts\/15461","targetHints":{"allow":["GET"]}}],"collection":[{"href":"https:\/\/entretormentas.com\/index.php?rest_route=\/wp\/v2\/posts"}],"about":[{"href":"https:\/\/entretormentas.com\/index.php?rest_route=\/wp\/v2\/types\/post"}],"author":[{"embeddable":true,"href":"https:\/\/entretormentas.com\/index.php?rest_route=\/wp\/v2\/users\/2"}],"replies":[{"embeddable":true,"href":"https:\/\/entretormentas.com\/index.php?rest_route=%2Fwp%2Fv2%2Fcomments&post=15461"}],"version-history":[{"count":1,"href":"https:\/\/entretormentas.com\/index.php?rest_route=\/wp\/v2\/posts\/15461\/revisions"}],"predecessor-version":[{"id":15463,"href":"https:\/\/entretormentas.com\/index.php?rest_route=\/wp\/v2\/posts\/15461\/revisions\/15463"}],"wp:featuredmedia":[{"embeddable":true,"href":"https:\/\/entretormentas.com\/index.php?rest_route=\/wp\/v2\/media\/15462"}],"wp:attachment":[{"href":"https:\/\/entretormentas.com\/index.php?rest_route=%2Fwp%2Fv2%2Fmedia&parent=15461"}],"wp:term":[{"taxonomy":"category","embeddable":true,"href":"https:\/\/entretormentas.com\/index.php?rest_route=%2Fwp%2Fv2%2Fcategories&post=15461"},{"taxonomy":"post_tag","embeddable":true,"href":"https:\/\/entretormentas.com\/index.php?rest_route=%2Fwp%2Fv2%2Ftags&post=15461"}],"curies":[{"name":"wp","href":"https:\/\/api.w.org\/{rel}","templated":true}]}}