{"id":15469,"date":"2025-04-19T11:07:30","date_gmt":"2025-04-19T09:07:30","guid":{"rendered":"https:\/\/entretormentas.com\/?p=15469"},"modified":"2025-04-19T11:07:31","modified_gmt":"2025-04-19T09:07:31","slug":"en-san-francisco-instalaciones-deportivas-recuperadas-a-disposicion-durante-la-semana-santa","status":"publish","type":"post","link":"https:\/\/entretormentas.com\/en-san-francisco-instalaciones-deportivas-recuperadas-a-disposicion-durante-la-semana-santa\/","title":{"rendered":"\u00a1EN SAN FRANCISCO! Instalaciones deportivas recuperadas a disposici\u00f3n durante la Semana Santa"},"content":{"rendered":"\n<p><strong>ENTRE TORMENTAS. <\/strong>Durante el asueto de Semana Santa 15 instalaciones deportivas que se han recuperado como parte del esfuerzo del alcalde Gustavo Fern\u00e1ndez, por medio del Instituto Municipal de Deporte de San Francisco (Imdep), est\u00e1n a disposici\u00f3n de las comunidades para la recreaci\u00f3n y el disfrute.<\/p>\n\n\n\n<figure class=\"wp-block-image size-large\"><img fetchpriority=\"high\" decoding=\"async\" width=\"1024\" height=\"576\" src=\"https:\/\/entretormentas.com\/wp-content\/uploads\/2025\/04\/image-279-1024x576.png\" alt=\"\" class=\"wp-image-15471\" srcset=\"https:\/\/entretormentas.com\/wp-content\/uploads\/2025\/04\/image-279-1024x576.png 1024w, https:\/\/entretormentas.com\/wp-content\/uploads\/2025\/04\/image-279-300x169.png 300w, https:\/\/entretormentas.com\/wp-content\/uploads\/2025\/04\/image-279-768x432.png 768w, https:\/\/entretormentas.com\/wp-content\/uploads\/2025\/04\/image-279.png 1280w\" sizes=\"(max-width: 1024px) 100vw, 1024px\" \/><\/figure>\n\n\n\n<p>El alcalde Gustavo Fern\u00e1ndez, reafirma con trabajos como estos, que el deporte es una prioridad, pues como \u00e9l mismo afirma \u201cel que hace deportes se aleja de los vicios y construye ciudadan\u00eda\u201d. Durante su gesti\u00f3n 15 instalaciones deportivas han sido recuperadas con un trabajo conjunto de las gerencias de Operaciones e Infraestructura, bajo la direcci\u00f3n del Imdep, entre estas, las canchas de Los Almendrones, Negro Primero, del Instituto Universitario de San Francisco (IUSF), parque Juan Cuchara, Plaza de la Juventud y Jos\u00e9 Ram\u00f3n Solano en la parroquia San Francisco.<\/p>\n\n\n\n<p>En la parroquia Francisco Ochoa se han recuperado la canchas de La Portuaria, La Ord\u00e9sima y Papuche D\u00edaz; en la parroquia Marcial Hern\u00e1ndez la cancha del sector Sabana Grande; en la parroquia Jos\u00e9 Domingo Rus la cancha Emil Herrera y Lote 6; en la parroquia Los Cortijos la cancha Franklin \u00abPapuca\u00bb Garc\u00eda y en la parroquia Domitila Flores la cancha Absal\u00f3n Bracho y la m\u00e1s reciente, Oswaldo Duarte .<\/p>\n\n\n\n<figure class=\"wp-block-image size-large\"><img decoding=\"async\" width=\"1024\" height=\"768\" src=\"https:\/\/entretormentas.com\/wp-content\/uploads\/2025\/04\/image-280-1024x768.png\" alt=\"\" class=\"wp-image-15472\" srcset=\"https:\/\/entretormentas.com\/wp-content\/uploads\/2025\/04\/image-280-1024x768.png 1024w, https:\/\/entretormentas.com\/wp-content\/uploads\/2025\/04\/image-280-300x225.png 300w, https:\/\/entretormentas.com\/wp-content\/uploads\/2025\/04\/image-280-768x576.png 768w, https:\/\/entretormentas.com\/wp-content\/uploads\/2025\/04\/image-280.png 1280w\" sizes=\"(max-width: 1024px) 100vw, 1024px\" \/><\/figure>\n\n\n\n<p>A estas instalaciones deportivas recuperadas se agregan los estadios de b\u00e9isbol de la Peque\u00f1a Liga, en la urbanizaci\u00f3n San Francisco, y el Jos\u00e9 \u00abPapuche\u00bb D\u00edaz, en el sector Sierra Maestra, que est\u00e1n completamente reacondicionados.<\/p>\n\n\n\n<p>Espacios deportivos que est\u00e1n abiertos y a disposici\u00f3n de entrenadores, deportistas, aficionados y comunidad en general, a\u00fan cuando no hay actividades planificadas propiamente por el Imdep, durante estos d\u00edas de asueto de Semana Santa podr\u00e1n ser utilizados por todos, para lo que solo se debe tramitar el permiso con el encargado de ellas en cada comunidad y hacerlo con conciencia, orden y la mejor disposici\u00f3n de cuidar y mantener estas instalaciones que pertenecen a cada comunidad.<br><strong><em>ET \/ Alcald\u00eda de San Francisco<\/em><\/strong><\/p>\n","protected":false},"excerpt":{"rendered":"<p>ENTRE TORMENTAS. Durante el asueto de Semana Santa 15 instalaciones deportivas que se han recuperado&#8230;<\/p>\n","protected":false},"author":2,"featured_media":15470,"comment_status":"closed","ping_status":"open","sticky":false,"template":"","format":"standard","meta":{"footnotes":""},"categories":[1],"tags":[],"class_list":["post-15469","post","type-post","status-publish","format-standard","has-post-thumbnail","hentry","category-regionales"],"_links":{"self":[{"href":"https:\/\/entretormentas.com\/index.php?rest_route=\/wp\/v2\/posts\/15469","targetHints":{"allow":["GET"]}}],"collection":[{"href":"https:\/\/entretormentas.com\/index.php?rest_route=\/wp\/v2\/posts"}],"about":[{"href":"https:\/\/entretormentas.com\/index.php?rest_route=\/wp\/v2\/types\/post"}],"author":[{"embeddable":true,"href":"https:\/\/entretormentas.com\/index.php?rest_route=\/wp\/v2\/users\/2"}],"replies":[{"embeddable":true,"href":"https:\/\/entretormentas.com\/index.php?rest_route=%2Fwp%2Fv2%2Fcomments&post=15469"}],"version-history":[{"count":1,"href":"https:\/\/entretormentas.com\/index.php?rest_route=\/wp\/v2\/posts\/15469\/revisions"}],"predecessor-version":[{"id":15473,"href":"https:\/\/entretormentas.com\/index.php?rest_route=\/wp\/v2\/posts\/15469\/revisions\/15473"}],"wp:featuredmedia":[{"embeddable":true,"href":"https:\/\/entretormentas.com\/index.php?rest_route=\/wp\/v2\/media\/15470"}],"wp:attachment":[{"href":"https:\/\/entretormentas.com\/index.php?rest_route=%2Fwp%2Fv2%2Fmedia&parent=15469"}],"wp:term":[{"taxonomy":"category","embeddable":true,"href":"https:\/\/entretormentas.com\/index.php?rest_route=%2Fwp%2Fv2%2Fcategories&post=15469"},{"taxonomy":"post_tag","embeddable":true,"href":"https:\/\/entretormentas.com\/index.php?rest_route=%2Fwp%2Fv2%2Ftags&post=15469"}],"curies":[{"name":"wp","href":"https:\/\/api.w.org\/{rel}","templated":true}]}}