{"id":15478,"date":"2025-04-19T11:15:57","date_gmt":"2025-04-19T09:15:57","guid":{"rendered":"https:\/\/entretormentas.com\/?p=15478"},"modified":"2025-04-19T11:46:12","modified_gmt":"2025-04-19T09:46:12","slug":"en-diferentes-puntos-imsasur-se-mantiene-dispuesto-para-atender-emergencias-en-semana-santa","status":"publish","type":"post","link":"https:\/\/entretormentas.com\/en-diferentes-puntos-imsasur-se-mantiene-dispuesto-para-atender-emergencias-en-semana-santa\/","title":{"rendered":"\u00a1EN DIFERENTES PUNTOS! Imsasur se mantiene dispuesto para atender emergencias en Semana Santa"},"content":{"rendered":"\n<p><strong>ENTRE TORMENTAS.<\/strong> En el marco de la Semana Santa 2025 en el municipio San Francisco, y por disposici\u00f3n del alcalde Gustavo Fern\u00e1ndez, el Instituto P\u00fablico Municipal de la Salud (Imsasur) est\u00e1 presto y dispuesto a atender las emergencias que se presenten.<\/p>\n\n\n\n<figure class=\"wp-block-image size-large\"><img fetchpriority=\"high\" decoding=\"async\" width=\"1024\" height=\"768\" src=\"https:\/\/entretormentas.com\/wp-content\/uploads\/2025\/04\/image-284-1024x768.png\" alt=\"\" class=\"wp-image-15480\" srcset=\"https:\/\/entretormentas.com\/wp-content\/uploads\/2025\/04\/image-284-1024x768.png 1024w, https:\/\/entretormentas.com\/wp-content\/uploads\/2025\/04\/image-284-300x225.png 300w, https:\/\/entretormentas.com\/wp-content\/uploads\/2025\/04\/image-284-768x576.png 768w, https:\/\/entretormentas.com\/wp-content\/uploads\/2025\/04\/image-284-1536x1152.png 1536w, https:\/\/entretormentas.com\/wp-content\/uploads\/2025\/04\/image-284-2048x1536.png 2048w\" sizes=\"(max-width: 1024px) 100vw, 1024px\" \/><\/figure>\n\n\n\n<p>As\u00ed lo inform\u00f3 el doctor Juan Rangel, director de Imsasur, al explicar que est\u00e1 a disposici\u00f3n toda la plataforma y red de emergencia, con el sistema m\u00e9dico, dos ambulancias y sus respectivos param\u00e9dicos, activos y en prevenci\u00f3n. \u201cEstamos sobre todo en los puntos m\u00e1s vulnerables, donde seg\u00fan datos estad\u00edsticos, hay mayor indecencia de accidentes viales\u00bb, refiri\u00f3.<\/p>\n\n\n\n<p>Rangel se\u00f1al\u00f3 que paralelo al trabajo que se realiza en la calle, se mantiene activa la atenci\u00f3n en la emergencia en la sede de Imsasur, con el equipo m\u00e9dico y de enfermer\u00eda, desde las 7:00 de la ma\u00f1ana hasta las 5:00 de la tarde, de lunes a domingo. De igual forma el ambulatorio Pedro Iturbe en El Bajo, cuyo funcionamiento se mantiene las 24 horas del d\u00eda.<\/p>\n\n\n\n<figure class=\"wp-block-image size-large\"><img decoding=\"async\" width=\"1024\" height=\"768\" src=\"https:\/\/entretormentas.com\/wp-content\/uploads\/2025\/04\/image-285-1024x768.png\" alt=\"\" class=\"wp-image-15481\" srcset=\"https:\/\/entretormentas.com\/wp-content\/uploads\/2025\/04\/image-285-1024x768.png 1024w, https:\/\/entretormentas.com\/wp-content\/uploads\/2025\/04\/image-285-300x225.png 300w, https:\/\/entretormentas.com\/wp-content\/uploads\/2025\/04\/image-285-768x576.png 768w, https:\/\/entretormentas.com\/wp-content\/uploads\/2025\/04\/image-285-1536x1152.png 1536w, https:\/\/entretormentas.com\/wp-content\/uploads\/2025\/04\/image-285-2048x1536.png 2048w\" sizes=\"(max-width: 1024px) 100vw, 1024px\" \/><\/figure>\n\n\n\n<p>Seg\u00fan el director de Imsasur, durante los d\u00edas que han trascurrido del asueto de Semana Santa se mantiene un balance bastante positivo, \u201chasta ahora solo se han presentando dos personas con lesiones menores y se han atendido, en visitas domiciliarias, a algunos pacientes con crisis hipertensiva\u00bb.<\/p>\n\n\n\n<p>De acuerdo al balance presentado por Rangel, hasta el momento y con la presencia del equipo de Imsasur, humano y ambulancias, en algunos puntos del municipio, se ha logrado realizar tres traslados de pacientes hacia el Hospital Universitario, y se apoy\u00f3 en la atenci\u00f3n de un accidente de tr\u00e1nsito en el kil\u00f3metro 4. \u201cDe resto se ha mantenido en muy buenas condiciones el municipio San Francisco\u201d, dijo.<br><strong><em>ET \/ Alcald\u00eda de San Francisco<\/em><\/strong><\/p>\n\n\n\n<p><\/p>\n","protected":false},"excerpt":{"rendered":"<p>ENTRE TORMENTAS. En el marco de la Semana Santa 2025 en el municipio San Francisco,&#8230;<\/p>\n","protected":false},"author":2,"featured_media":15479,"comment_status":"closed","ping_status":"open","sticky":false,"template":"","format":"standard","meta":{"footnotes":""},"categories":[57,1],"tags":[],"class_list":["post-15478","post","type-post","status-publish","format-standard","has-post-thumbnail","hentry","category-actualidad","category-regionales"],"_links":{"self":[{"href":"https:\/\/entretormentas.com\/index.php?rest_route=\/wp\/v2\/posts\/15478","targetHints":{"allow":["GET"]}}],"collection":[{"href":"https:\/\/entretormentas.com\/index.php?rest_route=\/wp\/v2\/posts"}],"about":[{"href":"https:\/\/entretormentas.com\/index.php?rest_route=\/wp\/v2\/types\/post"}],"author":[{"embeddable":true,"href":"https:\/\/entretormentas.com\/index.php?rest_route=\/wp\/v2\/users\/2"}],"replies":[{"embeddable":true,"href":"https:\/\/entretormentas.com\/index.php?rest_route=%2Fwp%2Fv2%2Fcomments&post=15478"}],"version-history":[{"count":1,"href":"https:\/\/entretormentas.com\/index.php?rest_route=\/wp\/v2\/posts\/15478\/revisions"}],"predecessor-version":[{"id":15482,"href":"https:\/\/entretormentas.com\/index.php?rest_route=\/wp\/v2\/posts\/15478\/revisions\/15482"}],"wp:featuredmedia":[{"embeddable":true,"href":"https:\/\/entretormentas.com\/index.php?rest_route=\/wp\/v2\/media\/15479"}],"wp:attachment":[{"href":"https:\/\/entretormentas.com\/index.php?rest_route=%2Fwp%2Fv2%2Fmedia&parent=15478"}],"wp:term":[{"taxonomy":"category","embeddable":true,"href":"https:\/\/entretormentas.com\/index.php?rest_route=%2Fwp%2Fv2%2Fcategories&post=15478"},{"taxonomy":"post_tag","embeddable":true,"href":"https:\/\/entretormentas.com\/index.php?rest_route=%2Fwp%2Fv2%2Ftags&post=15478"}],"curies":[{"name":"wp","href":"https:\/\/api.w.org\/{rel}","templated":true}]}}