{"id":15498,"date":"2025-04-19T12:07:37","date_gmt":"2025-04-19T10:07:37","guid":{"rendered":"https:\/\/entretormentas.com\/?p=15498"},"modified":"2025-04-19T12:07:38","modified_gmt":"2025-04-19T10:07:38","slug":"los-que-llegaron-al-zulia-y-se-quedaron-x-entrega-conocio-personalmente-a-un-santo-canonizado-por-el-papa-juan-pablo-ii","status":"publish","type":"post","link":"https:\/\/entretormentas.com\/los-que-llegaron-al-zulia-y-se-quedaron-x-entrega-conocio-personalmente-a-un-santo-canonizado-por-el-papa-juan-pablo-ii\/","title":{"rendered":"LOS QUE LLEGARON AL ZULIA Y SE QUEDARON (X Entrega) Conoci\u00f3 personalmente a un santo canonizado por el Papa Juan Pablo II"},"content":{"rendered":"\n<p><strong>ENTRE TORMENTAS. <\/strong>El Padre Rafael Mar\u00eda de Balb\u00edn Berhrmann tiene 86 a\u00f1os de edad y es el sacerdote activo m\u00e1s longevo de la Arquidi\u00f3cesis de Maracaibo. Es miembro del Opus Dei, ubicado en la avenida Universidad en el Centro Cultural Pozoviejo, que dirige su director laico, \u00d3scar de La Torre.<\/p>\n\n\n\n<p>En su imaginaci\u00f3n de joven laico y despu\u00e9s en su vida sacerdotal quiz\u00e1 nunca pens\u00f3 que un d\u00eda ser\u00eda uno de los pocos privilegiados, &#8211;entre millones de personas en el mundo&#8211;, en conocer en persona, ser su amigo y un seguidor de Josemar\u00eda Escriv\u00e1 de Balaguer, quien a\u00f1os despu\u00e9s fue canonizado Santo de la Iglesia cat\u00f3lica por el Papa Juan Pablo II y a \u00e9l se le debe la fundaci\u00f3n del Opus Dei.<\/p>\n\n\n\n<figure class=\"wp-block-image size-large\"><img fetchpriority=\"high\" decoding=\"async\" width=\"768\" height=\"1024\" src=\"https:\/\/entretormentas.com\/wp-content\/uploads\/2025\/04\/image-296-768x1024.png\" alt=\"\" class=\"wp-image-15500\" srcset=\"https:\/\/entretormentas.com\/wp-content\/uploads\/2025\/04\/image-296-768x1024.png 768w, https:\/\/entretormentas.com\/wp-content\/uploads\/2025\/04\/image-296-225x300.png 225w, https:\/\/entretormentas.com\/wp-content\/uploads\/2025\/04\/image-296.png 918w\" sizes=\"(max-width: 768px) 100vw, 768px\" \/><figcaption class=\"wp-element-caption\"><strong>El Padre Rafael Mar\u00eda de Balb\u00edn Berhrmann tiene 86 a\u00f1os de edad y es el sacerdote activo m\u00e1s longevo de la Arquidi\u00f3cesis de Maracaibo. (Fotos: Euclides Molleda)<\/strong><\/figcaption><\/figure>\n\n\n\n<p>Ese grato recuerdo, lleno de mucha humildad, lo expresa el Padre Rafael Mar\u00eda de Balb\u00edn Berhrmann cuando han transcurrido, aproximadamente, m\u00e1s de seis d\u00e9cadas de haber estrechado la mano de San Josemar\u00eda Escriv\u00e1 de Balaguer. El es un sacerdote nacido en Zaragoza, provincia de Arag\u00f3n, Espa\u00f1a, donde vino al mundo en el a\u00f1o 1.938, durante la Guerra Civil que dur\u00f3, entre 1936 a 1939, que abri\u00f3 profundas heridas y divisiones en la sociedad de ese pa\u00eds europeo.<\/p>\n\n\n\n<p>El Padre Rafael Mar\u00eda de Balb\u00edn Berhrmann es el protagonista de Los Que Llegaron al Zulia y se Quedaron, en su X entrega. Tiene 86 a\u00f1os de edad y es el sacerdote activo m\u00e1s longevo de la Arquidi\u00f3cesis de Maracaibo, donde desarrolla su trabajo sacerdotal de adoraci\u00f3n del Sant\u00edsimo, oficia misa, atiende confesiones, conversaciones de direcci\u00f3n espiritual y es orientador de los di\u00e1conos en el seminario Santo Tom\u00e1s de Aquino de Maracaibo.<\/p>\n\n\n\n<p>Tambi\u00e9n est\u00e1 encargado de la predicaci\u00f3n en meditaciones y retiros, dirige clases y charlas de doctrina cat\u00f3lica, atiende a ni\u00f1os y enfermos, es un gu\u00eda espiritual del tema de la familia, es escritor y dedica tiempo especial a la lectura profunda sobre la teolog\u00eda y la filosof\u00eda cristiana. Domina, perfectamente, el ingl\u00e9s, franc\u00e9s, alem\u00e1n y el lat\u00edn. Es el mayor de cuatro hermanos que viven en Madrid, Juan Enrique, Conchita y Rodrigo.<\/p>\n\n\n\n<p>Es miembro del Opus Dei, &#8211;obra o trabajo de Dios en lat\u00edn&#8211;, que tiene el prop\u00f3sito de \u00abcontribuir a que haya en medio del mundo hombres y mujeres de todas las razas y condiciones sociales que procuren amar y servir a Dios y a los dem\u00e1s hombres en y a trav\u00e9s de su trabajo ordinario\u00bb. Creada por San Josemar\u00eda Escriv\u00e1 de Balaguer en Madrid el&nbsp;2 de octubre de 1928, el Opus Dei es una instituci\u00f3n de la Iglesia cat\u00f3lica que tiene presencia en muchas ciudades venezolanas.<\/p>\n\n\n\n<figure class=\"wp-block-image size-large\"><img decoding=\"async\" width=\"1024\" height=\"768\" src=\"https:\/\/entretormentas.com\/wp-content\/uploads\/2025\/04\/image-297-1024x768.png\" alt=\"\" class=\"wp-image-15501\" srcset=\"https:\/\/entretormentas.com\/wp-content\/uploads\/2025\/04\/image-297-1024x768.png 1024w, https:\/\/entretormentas.com\/wp-content\/uploads\/2025\/04\/image-297-300x225.png 300w, https:\/\/entretormentas.com\/wp-content\/uploads\/2025\/04\/image-297-768x576.png 768w, https:\/\/entretormentas.com\/wp-content\/uploads\/2025\/04\/image-297.png 1224w\" sizes=\"(max-width: 1024px) 100vw, 1024px\" \/><figcaption class=\"wp-element-caption\"><strong>En la capilla del Centro Cultural Pozoviejo la paz, quietud y serenidad inunda sus bellos espacios de reflexi\u00f3n y contacto en la oraci\u00f3n con el Creador.<\/strong><\/figcaption><\/figure>\n\n\n\n<p>En Maracaibo, el Padre Rafael Mar\u00eda de Balb\u00edn Berhrmann ha convivido entre nosotros por d\u00e9cadas desde que lleg\u00f3 a Venezuela 61 a\u00f1os atr\u00e1s a la edad de 25 a\u00f1os, alternando por temporadas su vivencia pastoral entre Caracas y la capital del estado Zulia, donde lleva 11 a\u00f1os consecutivos en la sede del Opus Dei, ubicada en la avenida Universidad en el Centro Cultural Pozoviejo, que dirige su director laico, \u00d3scar de La Torre.<\/p>\n\n\n\n<p>El Padre Rafael Mar\u00eda de Balb\u00edn Berhrmann es una persona sencilla, muy culta, articulista y amante de la lectura. Confieso que conversar con \u00e9l, me result\u00f3 como periodista, en menos de 1\/2 hora, lo que parecieron d\u00edas de ense\u00f1anza, conocimiento y aprendizaje, no s\u00f3lo acerca del tema religioso, sino del valor y el significado de la humildad, lealtad, amistad, verdad, maldad, solidaridad, amor por el pr\u00f3jimo y la importancia de la familia.<\/p>\n\n\n\n<p><strong>Llega a Venezuela a los 25 a\u00f1os<\/strong><\/p>\n\n\n\n<p>En un tono pausado, &#8211;sin exceso de altas tonalidades&#8211;, el Padre Rafael Mar\u00eda refleja en la manera de expresarse mucha humildad, serenidad y sencillez como un soldado curtido en la causa de Cristo que no lleg\u00f3 a Venezuela como inmigrante, cuando en la Europa de las d\u00e9cadas de 1950-1960, salieron a la patria de Sim\u00f3n Bol\u00edvar miles de hombres y mujeres que hu\u00edan de los estragos de la Segunda Guerra Mundial finalizada en 1945.<\/p>\n\n\n\n<p>Un a\u00f1o despu\u00e9s de su ordenaci\u00f3n dijo que se ofreci\u00f3 a venir a nuestro pa\u00eds como voluntario a evangelizar en esta parte del mundo, donde su destino sacerdotal, a\u00fan muy joven, lo trajo a Maiquet\u00eda hace 61 a\u00f1os. Su parecido f\u00edsico, &#8211;a lo lejos en su caminar y por los efectos de una avanzada escoliosis&#8211;, me record\u00f3 ver en persona al inolvidable Papa Juan Pablo II.<\/p>\n\n\n\n<p>El \u00abPapa Bueno\u00bb, nacido en Polonia, pude verlo muy joven cuando me iniciaba en el periodismo, a escasos 20 metros, aproximadamente, cuando vino a Maracaibo en 1.985 y pernoct\u00f3 en el Palacio Arzobispal, donde en una breve aparici\u00f3n en el balc\u00f3n, salud\u00f3 a los periodistas y a un nutrido grupo de personas ansiosas de conocer al sucesor de San Pedro.<\/p>\n\n\n\n<figure class=\"wp-block-image size-large\"><img decoding=\"async\" width=\"1024\" height=\"768\" src=\"https:\/\/entretormentas.com\/wp-content\/uploads\/2025\/04\/image-298-1024x768.png\" alt=\"\" class=\"wp-image-15502\" srcset=\"https:\/\/entretormentas.com\/wp-content\/uploads\/2025\/04\/image-298-1024x768.png 1024w, https:\/\/entretormentas.com\/wp-content\/uploads\/2025\/04\/image-298-300x225.png 300w, https:\/\/entretormentas.com\/wp-content\/uploads\/2025\/04\/image-298-768x576.png 768w, https:\/\/entretormentas.com\/wp-content\/uploads\/2025\/04\/image-298.png 1224w\" sizes=\"(max-width: 1024px) 100vw, 1024px\" \/><figcaption class=\"wp-element-caption\"><strong>Conversar con el Padre Rafael Mar\u00eda de Balb\u00edn Berhrmann es hacerlo con una persona sencilla, humilde y muy culta.<\/strong><\/figcaption><\/figure>\n\n\n\n<p><strong>Una vida entregada a Dios<\/strong><\/p>\n\n\n\n<p>En el hogar, la dedicaci\u00f3n de sus padres, Rafael de Balb\u00edn (+) y Mar\u00eda de La Concepci\u00f3n Behrmann (+), en la formaci\u00f3n de sus hijos, &#8211;apegada a valores y ense\u00f1anzas cristianas&#8211;, influy\u00f3 mucho en el desarrollo humano del joven Rafael Mar\u00eda, quien en 1958 a los 20 a\u00f1os de edad, aproximadamente, inicia su formaci\u00f3n eclesial, hasta egresar en 1963, cuando es ordenado sacerdote despu\u00e9s de estudiar en Roma y Espa\u00f1a.<\/p>\n\n\n\n<p>\u00abLuego\u00bb, afirma, \u00abdespu\u00e9s de unos meses de trabajo en Barcelona recib\u00ed la propuesta de venirme a Venezuela donde hac\u00edan falta sacerdotes. No vine en calidad de migrante sino para trabajar. Mi familia\u00bb, recuerda, \u00abten\u00eda una formaci\u00f3n sumamente cristiana, religiosa y despu\u00e9s me puse en contacto con el Opus Dei. Mi pap\u00e1 hab\u00eda sido hace a\u00f1os residente de la primera residencia que fund\u00f3 San Josemar\u00eda\u00bb.<\/p>\n\n\n\n<p>Dice que la influencia de su pap\u00e1 en \u00e9l fue fundamental en su decisi\u00f3n de seguir los pasos de San Josemar\u00eda Escriv\u00e1 de Balaguer, primero como laico, porque conoc\u00eda de primera mano la historia del fundador del Opus Dei, desde que tuvo conocimiento y era muy cercano a la Iglesia cat\u00f3lica hasta dar el paso de ser uno de sus miembros orden\u00e1ndose de sacerdote.<\/p>\n\n\n\n<p>Un dato interesante es que el Opus Dei est\u00e1 conformado en un 98 por ciento por mujeres y hombres laicos y s\u00f3lo un dos por ciento por sacerdotes, quienes despliegan un trabajo en cualquier rinc\u00f3n del mundo que \u00abconsiste, el mensaje, en buscar la santidad cristiana en circunstancias de la vida personal, trabajo, familia o situaci\u00f3n social.<\/p>\n\n\n\n<p>\u00abNo salirse del mundo para ser santo, sino a trav\u00e9s del mundo en un sentido cristiano buscar la santidad. Yo capt\u00e9 eso y si ellos me llamaban ped\u00eda ser miembro del Opus Dei. Eso fue en el a\u00f1o de 1956. En el a\u00f1o 58 fui a Roma para completar estudios y all\u00ed conoc\u00ed personalmente al fundador San Josemar\u00eda. Estuve tres a\u00f1os cerca de \u00e9l y le dije que estaba dispuesto.<\/p>\n\n\n\n<p><strong>-\u00bfCu\u00e1l fue su impresi\u00f3n al conocerlo cu\u00e1ndo usted era un joven laico?<\/strong><br>\u00abUna bendici\u00f3n de Dios porque era un hombre enormemente santo, es decir, cari\u00f1oso, amable y de un muy buen humor. Le dije que estaba dispuesto a ser sacerdote si \u00e9l me llamaba. Al cabo de un tiempo me llamaron de parte de \u00e9l y me dijeron que si quer\u00eda ser sacerdote. Me orden\u00e9 en 1963 estando en Madrid. El me dijo muy bien dile eso al rector del Seminario y ya veremos. Encend\u00eda a la gente. Un rato de conversaci\u00f3n con \u00e9l era casi como un retiro.<\/p>\n\n\n\n<p><strong>El m\u00e1s joven en llegar a Venezuela<\/strong><\/p>\n\n\n\n<p>El Padre Rafael Mar\u00eda de Balb\u00edn Berhrmann conserva el r\u00e9cord de ser el sacerdote m\u00e1s joven en la historia evangelizadora del Opus Dei en haber llegado a Venezuela, donde la actividad de las personas que integran esa instituci\u00f3n de la Iglesia cat\u00f3lica, hombres y mujeres, j\u00f3venes o viejos, negros, blancos o indios, pobres o ricos, es \u00abcotidiana de cada quien en su trabajo y de ayudar a su alrededor donde est\u00e9 en la familia, trabajo, municipio, empresa o donde est\u00e9. Ah\u00ed se procura que hay que ayudar a la gente en su preparaci\u00f3n\u00bb.<\/p>\n\n\n\n<p>Sencillo en describir como debe transmitirse el evangelio, la solidaridad, el apoyo al m\u00e1s necesitado o a la gente del pa\u00eds adonde lleg\u00f3 m\u00e1s de seis d\u00e9cadas atr\u00e1s, el Padre Rafael Mar\u00eda explica que \u00abse comenz\u00f3 con estudiantes y profesionales en Caracas y aqu\u00ed tambi\u00e9n. Comenzaron a llegar m\u00e1s personas. Cuando se comenzaba en un pa\u00eds el fundador dec\u00eda que hab\u00eda que hacerlo con los intelectuales \u00bfpor qu\u00e9?. Porque una vida cristiana influye en cualquier sociedad.<\/p>\n\n\n\n<p>\u00abEs como la nieve que estando en lo alto del cerro cuando se derrite el agua y \u00bfc\u00f3mo hay que ver c\u00f3mo llegar a todos de la manera m\u00e1s sencilla? irriga a todos. En Caracas y aqu\u00ed tambi\u00e9n, por ejemplo, hay una escuela de capacitaci\u00f3n profesional. Eso se comienza con estudiantes universitarios y profesionales y se va ampliando, extendiendo y multiplicando con el paso del tiempo\u00bb.<\/p>\n\n\n\n<p><strong>Hacer el bien y no mirar a quien<\/strong><\/p>\n\n\n\n<p>Esta frase muy cotidiana cree el Padre Rafael Mar\u00eda de Balb\u00edn Berhrmann que resume en buena medida la intenci\u00f3n de cualquier persona que tiene formaci\u00f3n cristiana o cat\u00f3lica, cuando sigue el mensaje, el ejemplo del Hijo de Dios.<\/p>\n\n\n\n<figure class=\"wp-block-image size-large\"><img loading=\"lazy\" decoding=\"async\" width=\"1024\" height=\"768\" src=\"https:\/\/entretormentas.com\/wp-content\/uploads\/2025\/04\/image-299-1024x768.png\" alt=\"\" class=\"wp-image-15503\" srcset=\"https:\/\/entretormentas.com\/wp-content\/uploads\/2025\/04\/image-299-1024x768.png 1024w, https:\/\/entretormentas.com\/wp-content\/uploads\/2025\/04\/image-299-300x225.png 300w, https:\/\/entretormentas.com\/wp-content\/uploads\/2025\/04\/image-299-768x576.png 768w, https:\/\/entretormentas.com\/wp-content\/uploads\/2025\/04\/image-299.png 1224w\" sizes=\"(max-width: 1024px) 100vw, 1024px\" \/><figcaption class=\"wp-element-caption\"><strong>La biblioteca de Pozoviejo es otro de los espacios m\u00e1s visitados por el Padre Rafael Mar\u00eda. Es un centro de lectura e investigaci\u00f3n muy completo.<\/strong><\/figcaption><\/figure>\n\n\n\n<p><strong>\u00bfY es para todos?<\/strong><\/p>\n\n\n\n<p>\u00abClaro y llega a todos, porque la santidad es para todos. Cuando comenz\u00f3 San Josemar\u00eda en 1928 no entend\u00edan su mensaje. Dec\u00edan \u00bfqu\u00e9 es eso?. \u00bfSanto puede ser todo el mundo?. \u00bfA qui\u00e9n se le ocurre?. \u00a1Santos, quiz\u00e1, los curas y las monjas, pero nadie m\u00e1s!. Lo acusaron incluso de hereje, loco. \u00bfQu\u00e9 herej\u00eda era esa qu\u00e9 todo el mundo puede ser santo?.<\/p>\n\n\n\n<p>\u00abEl persever\u00f3 en su prop\u00f3sito, en la idea y a\u00f1os despu\u00e9s el Concilio Vaticano Segundo proclam\u00f3 en el a\u00f1o 1965, solemnemente, la vocaci\u00f3n universal a la santidad. Ese era el mensaje de San Josemar\u00eda. El estaba vivo y lo llen\u00f3 una gran alegr\u00eda. Todo cristiano puede ser santo donde est\u00e9, en la situaci\u00f3n c\u00f3mo est\u00e9, en su trabajo, su familia o situaci\u00f3n social\u00bb.<\/p>\n\n\n\n<p>En fin, oir, escuchar y estar atento a las explicaciones del Padre Rafael Mar\u00eda de Balb\u00edn Berhrmann, &#8211;una enciclopedia abierta del saber cristiano&#8211;, es una oportunidad de oro que en lo personal siento y valoro.<\/p>\n\n\n\n<p>Su sapiencia expuesta en cualquier foro debe ser un momento de excelencia acad\u00e9mica cargada de conocimientos, sencillez y humildad. Su presencia en el estado Zulia, desde inicios de la d\u00e9cada de 1960, es una bendici\u00f3n de Dios a otro de sus hijos de los Que Llegaron al Zulia y se Quedaron.<\/p>\n\n\n\n<p><strong><em>Por Jos\u00e9 Aranguibel Carrasco<\/em><\/strong><\/p>\n\n\n\n<p><\/p>\n","protected":false},"excerpt":{"rendered":"<p>ENTRE TORMENTAS. El Padre Rafael Mar\u00eda de Balb\u00edn Berhrmann tiene 86 a\u00f1os de edad y&#8230;<\/p>\n","protected":false},"author":2,"featured_media":15499,"comment_status":"closed","ping_status":"open","sticky":false,"template":"","format":"standard","meta":{"footnotes":""},"categories":[56,1],"tags":[],"class_list":["post-15498","post","type-post","status-publish","format-standard","has-post-thumbnail","hentry","category-destacadas","category-regionales"],"_links":{"self":[{"href":"https:\/\/entretormentas.com\/index.php?rest_route=\/wp\/v2\/posts\/15498","targetHints":{"allow":["GET"]}}],"collection":[{"href":"https:\/\/entretormentas.com\/index.php?rest_route=\/wp\/v2\/posts"}],"about":[{"href":"https:\/\/entretormentas.com\/index.php?rest_route=\/wp\/v2\/types\/post"}],"author":[{"embeddable":true,"href":"https:\/\/entretormentas.com\/index.php?rest_route=\/wp\/v2\/users\/2"}],"replies":[{"embeddable":true,"href":"https:\/\/entretormentas.com\/index.php?rest_route=%2Fwp%2Fv2%2Fcomments&post=15498"}],"version-history":[{"count":1,"href":"https:\/\/entretormentas.com\/index.php?rest_route=\/wp\/v2\/posts\/15498\/revisions"}],"predecessor-version":[{"id":15504,"href":"https:\/\/entretormentas.com\/index.php?rest_route=\/wp\/v2\/posts\/15498\/revisions\/15504"}],"wp:featuredmedia":[{"embeddable":true,"href":"https:\/\/entretormentas.com\/index.php?rest_route=\/wp\/v2\/media\/15499"}],"wp:attachment":[{"href":"https:\/\/entretormentas.com\/index.php?rest_route=%2Fwp%2Fv2%2Fmedia&parent=15498"}],"wp:term":[{"taxonomy":"category","embeddable":true,"href":"https:\/\/entretormentas.com\/index.php?rest_route=%2Fwp%2Fv2%2Fcategories&post=15498"},{"taxonomy":"post_tag","embeddable":true,"href":"https:\/\/entretormentas.com\/index.php?rest_route=%2Fwp%2Fv2%2Ftags&post=15498"}],"curies":[{"name":"wp","href":"https:\/\/api.w.org\/{rel}","templated":true}]}}