{"id":15522,"date":"2025-04-19T12:51:53","date_gmt":"2025-04-19T10:51:53","guid":{"rendered":"https:\/\/entretormentas.com\/?p=15522"},"modified":"2025-04-19T12:51:54","modified_gmt":"2025-04-19T10:51:54","slug":"gracias-al-plan-paraguas-canadas-de-san-francisco-fluyen-sin-novedad-tras-fuerte-aguacero","status":"publish","type":"post","link":"https:\/\/entretormentas.com\/gracias-al-plan-paraguas-canadas-de-san-francisco-fluyen-sin-novedad-tras-fuerte-aguacero\/","title":{"rendered":"\u00a1GRACIAS AL PLAN PARAGUAS! Ca\u00f1adas de San Francisco fluyen sin novedad tras fuerte aguacero"},"content":{"rendered":"\n<p><strong>ENTRE TORMENTAS. <\/strong>Un fuerte aguacero que se extendi\u00f3 por poco m\u00e1s de dos horas la tarde de este Viernes Santo, sorprendi\u00f3 a residentes de varios municipios zulianos, incluyendo a San Francisco, donde las autoridades confirmaron que no se present\u00f3 ning\u00fan tipo de novedad, gracias a la oportuna actuaci\u00f3n preventiva del Plan Paraguas en todas y cada una de las ca\u00f1adas que atraviesan el municipio sure\u00f1o.<\/p>\n\n\n\n<figure class=\"wp-block-image size-large\"><img fetchpriority=\"high\" decoding=\"async\" width=\"1024\" height=\"649\" src=\"https:\/\/entretormentas.com\/wp-content\/uploads\/2025\/04\/image-309-1024x649.png\" alt=\"\" class=\"wp-image-15524\" srcset=\"https:\/\/entretormentas.com\/wp-content\/uploads\/2025\/04\/image-309-1024x649.png 1024w, https:\/\/entretormentas.com\/wp-content\/uploads\/2025\/04\/image-309-300x190.png 300w, https:\/\/entretormentas.com\/wp-content\/uploads\/2025\/04\/image-309-768x487.png 768w, https:\/\/entretormentas.com\/wp-content\/uploads\/2025\/04\/image-309.png 1280w\" sizes=\"(max-width: 1024px) 100vw, 1024px\" \/><\/figure>\n\n\n\n<p>El propio alcalde de San Francisco, Gustavo Fern\u00e1ndez M\u00e9ndez, inform\u00f3 que se mantiene el monitoreo de las ca\u00f1adas y el despliegue de los equipos del Cuerpo de Bomberos, Salud Municipal, Seguridad Ciudadana, Infraestructura y Operaciones en las diferentes parroquias.<\/p>\n\n\n\n<p>Fern\u00e1ndez M\u00e9ndez mostr\u00f3 a trav\u00e9s de sus redes sociales el comportamiento de los afuentes, tras un recorrido por el puente que divide el sector San Felipe lll y Negro Primero y el puente del sector 5, donde las aguas fluyeron con normalidad y sin ninguna eventualidad.<br><strong><em>ET \/ Gabriel Sthormes<\/em><\/strong><\/p>\n","protected":false},"excerpt":{"rendered":"<p>ENTRE TORMENTAS. Un fuerte aguacero que se extendi\u00f3 por poco m\u00e1s de dos horas la&#8230;<\/p>\n","protected":false},"author":2,"featured_media":15523,"comment_status":"closed","ping_status":"open","sticky":false,"template":"","format":"standard","meta":{"footnotes":""},"categories":[56,1],"tags":[],"class_list":["post-15522","post","type-post","status-publish","format-standard","has-post-thumbnail","hentry","category-destacadas","category-regionales"],"_links":{"self":[{"href":"https:\/\/entretormentas.com\/index.php?rest_route=\/wp\/v2\/posts\/15522","targetHints":{"allow":["GET"]}}],"collection":[{"href":"https:\/\/entretormentas.com\/index.php?rest_route=\/wp\/v2\/posts"}],"about":[{"href":"https:\/\/entretormentas.com\/index.php?rest_route=\/wp\/v2\/types\/post"}],"author":[{"embeddable":true,"href":"https:\/\/entretormentas.com\/index.php?rest_route=\/wp\/v2\/users\/2"}],"replies":[{"embeddable":true,"href":"https:\/\/entretormentas.com\/index.php?rest_route=%2Fwp%2Fv2%2Fcomments&post=15522"}],"version-history":[{"count":1,"href":"https:\/\/entretormentas.com\/index.php?rest_route=\/wp\/v2\/posts\/15522\/revisions"}],"predecessor-version":[{"id":15525,"href":"https:\/\/entretormentas.com\/index.php?rest_route=\/wp\/v2\/posts\/15522\/revisions\/15525"}],"wp:featuredmedia":[{"embeddable":true,"href":"https:\/\/entretormentas.com\/index.php?rest_route=\/wp\/v2\/media\/15523"}],"wp:attachment":[{"href":"https:\/\/entretormentas.com\/index.php?rest_route=%2Fwp%2Fv2%2Fmedia&parent=15522"}],"wp:term":[{"taxonomy":"category","embeddable":true,"href":"https:\/\/entretormentas.com\/index.php?rest_route=%2Fwp%2Fv2%2Fcategories&post=15522"},{"taxonomy":"post_tag","embeddable":true,"href":"https:\/\/entretormentas.com\/index.php?rest_route=%2Fwp%2Fv2%2Ftags&post=15522"}],"curies":[{"name":"wp","href":"https:\/\/api.w.org\/{rel}","templated":true}]}}