{"id":15535,"date":"2025-04-20T14:55:55","date_gmt":"2025-04-20T12:55:55","guid":{"rendered":"https:\/\/entretormentas.com\/?p=15535"},"modified":"2025-04-20T14:55:57","modified_gmt":"2025-04-20T12:55:57","slug":"inicia-limpieza-manual-avanza-saneamiento-de-la-canada-morillo-tramo-la-negra","status":"publish","type":"post","link":"https:\/\/entretormentas.com\/inicia-limpieza-manual-avanza-saneamiento-de-la-canada-morillo-tramo-la-negra\/","title":{"rendered":"\u00a1INICIA LIMPIEZA MANUAL! Avanza saneamiento de la ca\u00f1ada Morillo tramo La Negra"},"content":{"rendered":"\n<p><strong>ENTRE TORMENTAS.<\/strong> El Plan de Limpieza de Ca\u00f1adas de la Alcald\u00eda de Maracaibo lleg\u00f3 por segunda vez al tramo La Negra de la ca\u00f1ada Morillo, parroquia Chiquinquir\u00e1, para limpiar el cauce como una acci\u00f3n preventiva antes de la temporada de lluvia, as\u00ed lo explic\u00f3 Adri\u00e1n Romero Mart\u00ednez, alcalde encargado de Maracaibo.<\/p>\n\n\n\n<p>Precis\u00f3 que en esta segunda intervenci\u00f3n al tramo La Negra, un equipo de m\u00e1s de 35 ambientalistas del Instituto Municipal de Ambiente (IMA) limpiar\u00e1 de manera manual aproximadamente 600 metros lineales de ca\u00f1ada.<\/p>\n\n\n\n<figure class=\"wp-block-image size-large\"><img fetchpriority=\"high\" decoding=\"async\" width=\"1024\" height=\"576\" src=\"https:\/\/entretormentas.com\/wp-content\/uploads\/2025\/04\/image-315-1024x576.png\" alt=\"\" class=\"wp-image-15536\" srcset=\"https:\/\/entretormentas.com\/wp-content\/uploads\/2025\/04\/image-315-1024x576.png 1024w, https:\/\/entretormentas.com\/wp-content\/uploads\/2025\/04\/image-315-300x169.png 300w, https:\/\/entretormentas.com\/wp-content\/uploads\/2025\/04\/image-315-768x432.png 768w, https:\/\/entretormentas.com\/wp-content\/uploads\/2025\/04\/image-315.png 1280w\" sizes=\"(max-width: 1024px) 100vw, 1024px\" \/><\/figure>\n\n\n\n<p>Asimismo, record\u00f3 que el pasado 19 de febrero, la municipalidad inici\u00f3 los trabajos de limpieza y mantenimiento de 1.3 metros lineales de la ca\u00f1ada Morillo, tramo La Negra, en el sector 1ero de Mayo. \u201cSigue en marcha el Plan Integral de Saneamiento y Mantenimiento Ambiental en las 18 parroquias de la ciudad, con el objetivo de prevenir inundaciones y mejorar la calidad de vida de los marabinos\u201d.<\/p>\n\n\n\n<p>Durante la inspecci\u00f3n de comienzo de las operaciones, Romero Mart\u00ednez estuvo acompa\u00f1ado por en presidente del IMA, Norberto Perozo; junto con su gerente general, Nelson Paz; su gerente de operaciones, Alberto Barbosa; y los concejales Roxana Larreal y Rub\u00e9n Batista.<\/p>\n\n\n\n<p>Por su parte, Perozo se\u00f1al\u00f3 que las labores de limpieza tendr\u00e1n una duraci\u00f3n aproximada de diez d\u00edas. \u201cEsta ca\u00f1ada recibi\u00f3 mantenimiento hace aproximadamente dos a\u00f1os. Estos trabajos se hacen de manera preventiva de cara a las lluvias para beneficiar al sector Para\u00edso, que cuenta con una poblaci\u00f3n aproximadamente de 80 mil habitantes\u201d. Por \u00faltimo, Perozo inform\u00f3 que en los primeros tres meses del a\u00f1o 2025 el instituto intervino 12 tramos de forma manual y 5 con maquinaria.<\/p>\n\n\n\n<figure class=\"wp-block-image size-large\"><img decoding=\"async\" width=\"1024\" height=\"576\" src=\"https:\/\/entretormentas.com\/wp-content\/uploads\/2025\/04\/image-317-1024x576.png\" alt=\"\" class=\"wp-image-15538\" srcset=\"https:\/\/entretormentas.com\/wp-content\/uploads\/2025\/04\/image-317-1024x576.png 1024w, https:\/\/entretormentas.com\/wp-content\/uploads\/2025\/04\/image-317-300x169.png 300w, https:\/\/entretormentas.com\/wp-content\/uploads\/2025\/04\/image-317-768x432.png 768w, https:\/\/entretormentas.com\/wp-content\/uploads\/2025\/04\/image-317.png 1280w\" sizes=\"(max-width: 1024px) 100vw, 1024px\" \/><\/figure>\n\n\n\n<p>Miguel Ruiz, comerciante de 56 a\u00f1os y vecino del sector Para\u00edso, subray\u00f3 la importancia de la responsabilidad comunitaria en el cuidado del entorno. \u201cNo podemos hacer nada con el monte que crece dentro de la ca\u00f1ada; pero s\u00ed podemos evitar echar basura en las ca\u00f1adas, porque los \u00fanicos que salimos perjudicados somos nosotros. Si cuando llueven colapsan, es muy peligroso para muchas personas que viven aqu\u00ed\u201d, advirti\u00f3.<\/p>\n\n\n\n<p>Luis Montilla, vecino de 64 a\u00f1os, tambi\u00e9n comparti\u00f3 su preocupaci\u00f3n por la situaci\u00f3n. \u201cMe acuerdo de una vez que llovi\u00f3 muy fuerte y tuvimos que sacar de emergencia a los ni\u00f1os que viven en esa zona. La limpieza de la ca\u00f1ada es importante porque corremos riesgos a vivir una tragedia\u201d, record\u00f3 con seriedad.<br><strong><em>ET \/ DCI Alcald\u00eda de Maracaibo<\/em><\/strong><\/p>\n","protected":false},"excerpt":{"rendered":"<p>ENTRE TORMENTAS. El Plan de Limpieza de Ca\u00f1adas de la Alcald\u00eda de Maracaibo lleg\u00f3 por&#8230;<\/p>\n","protected":false},"author":2,"featured_media":15537,"comment_status":"closed","ping_status":"open","sticky":false,"template":"","format":"standard","meta":{"footnotes":""},"categories":[57,1],"tags":[],"class_list":["post-15535","post","type-post","status-publish","format-standard","has-post-thumbnail","hentry","category-actualidad","category-regionales"],"_links":{"self":[{"href":"https:\/\/entretormentas.com\/index.php?rest_route=\/wp\/v2\/posts\/15535","targetHints":{"allow":["GET"]}}],"collection":[{"href":"https:\/\/entretormentas.com\/index.php?rest_route=\/wp\/v2\/posts"}],"about":[{"href":"https:\/\/entretormentas.com\/index.php?rest_route=\/wp\/v2\/types\/post"}],"author":[{"embeddable":true,"href":"https:\/\/entretormentas.com\/index.php?rest_route=\/wp\/v2\/users\/2"}],"replies":[{"embeddable":true,"href":"https:\/\/entretormentas.com\/index.php?rest_route=%2Fwp%2Fv2%2Fcomments&post=15535"}],"version-history":[{"count":1,"href":"https:\/\/entretormentas.com\/index.php?rest_route=\/wp\/v2\/posts\/15535\/revisions"}],"predecessor-version":[{"id":15539,"href":"https:\/\/entretormentas.com\/index.php?rest_route=\/wp\/v2\/posts\/15535\/revisions\/15539"}],"wp:featuredmedia":[{"embeddable":true,"href":"https:\/\/entretormentas.com\/index.php?rest_route=\/wp\/v2\/media\/15537"}],"wp:attachment":[{"href":"https:\/\/entretormentas.com\/index.php?rest_route=%2Fwp%2Fv2%2Fmedia&parent=15535"}],"wp:term":[{"taxonomy":"category","embeddable":true,"href":"https:\/\/entretormentas.com\/index.php?rest_route=%2Fwp%2Fv2%2Fcategories&post=15535"},{"taxonomy":"post_tag","embeddable":true,"href":"https:\/\/entretormentas.com\/index.php?rest_route=%2Fwp%2Fv2%2Ftags&post=15535"}],"curies":[{"name":"wp","href":"https:\/\/api.w.org\/{rel}","templated":true}]}}