{"id":15544,"date":"2025-04-20T15:03:00","date_gmt":"2025-04-20T13:03:00","guid":{"rendered":"https:\/\/entretormentas.com\/?p=15544"},"modified":"2025-04-20T15:03:00","modified_gmt":"2025-04-20T13:03:00","slug":"maduro-celebra-el-19-abr-215-anos-despues-el-pueblo-excluido-esta-en-el-poder-politico-de-venezuela","status":"publish","type":"post","link":"https:\/\/entretormentas.com\/maduro-celebra-el-19-abr-215-anos-despues-el-pueblo-excluido-esta-en-el-poder-politico-de-venezuela\/","title":{"rendered":"MADURO CELEBRA EL 19-ABR: \u00ab215 a\u00f1os despu\u00e9s el pueblo excluido est\u00e1 en el poder pol\u00edtico de Venezuela\u00bb"},"content":{"rendered":"\n<p><strong>ENTRE TORMENTAS.<\/strong> \u00abHoy, ese pueblo que fue excluido, explotado y esclavizado est\u00e1 en el poder pol\u00edtico en la Rep\u00fablica Bolivariana de Venezuela\u00bb, manifest\u00f3 el presidente de la Rep\u00fablica, Nicol\u00e1s Maduro, en un mensaje a trav\u00e9s de sus redes sociales en conmemoraci\u00f3n de los 215 a\u00f1os de la Proclamaci\u00f3n de la Independencia de Venezuela.<\/p>\n\n\n\n<p>El Ejecutivo destac\u00f3 que el 19 de abril de 1810 fue un d\u00eda en el que el brav\u00edo pueblo venezolano \u00abdio el primer grito y desencaden\u00f3 el inicio de una historia heroica de lucha por la libertad, la independencia, la igualdad y contra el colonialismo en todas sus formas\u00bb.<\/p>\n\n\n\n<p>Asimismo, resalt\u00f3 que fue en la hist\u00f3rica y querida Caracas donde los zambos, mestizos, mulatos y soldados patriotas, \u00abunidos como milicianos del pueblo, le dijeron al Capit\u00e1n General de la corona espa\u00f1ola: \u00a1Ya basta, fuera de Venezuela!\u00bb. Dando inicio a un camino maravilloso, \u00abque podemos considerar el primer grito de una nueva \u00e9poca\u00bb.<\/p>\n\n\n\n<p>Este s\u00e1bado 19 de abril, Venezuela conmemor\u00f3 los \u00ab215 a\u00f1os de aquel heroico momento, y el pueblo es el mismo, la batalla es la misma y la victoria nos pertenece. \u00a1Seguiremos siendo libres y soberanos!\u00bb, exclam\u00f3.<br><strong><em>ET \/ El Universal<\/em><\/strong><\/p>\n","protected":false},"excerpt":{"rendered":"<p>ENTRE TORMENTAS. \u00abHoy, ese pueblo que fue excluido, explotado y esclavizado est\u00e1 en el poder&#8230;<\/p>\n","protected":false},"author":2,"featured_media":15545,"comment_status":"closed","ping_status":"open","sticky":false,"template":"","format":"standard","meta":{"footnotes":""},"categories":[56,49],"tags":[],"class_list":["post-15544","post","type-post","status-publish","format-standard","has-post-thumbnail","hentry","category-destacadas","category-nacionales"],"_links":{"self":[{"href":"https:\/\/entretormentas.com\/index.php?rest_route=\/wp\/v2\/posts\/15544","targetHints":{"allow":["GET"]}}],"collection":[{"href":"https:\/\/entretormentas.com\/index.php?rest_route=\/wp\/v2\/posts"}],"about":[{"href":"https:\/\/entretormentas.com\/index.php?rest_route=\/wp\/v2\/types\/post"}],"author":[{"embeddable":true,"href":"https:\/\/entretormentas.com\/index.php?rest_route=\/wp\/v2\/users\/2"}],"replies":[{"embeddable":true,"href":"https:\/\/entretormentas.com\/index.php?rest_route=%2Fwp%2Fv2%2Fcomments&post=15544"}],"version-history":[{"count":1,"href":"https:\/\/entretormentas.com\/index.php?rest_route=\/wp\/v2\/posts\/15544\/revisions"}],"predecessor-version":[{"id":15546,"href":"https:\/\/entretormentas.com\/index.php?rest_route=\/wp\/v2\/posts\/15544\/revisions\/15546"}],"wp:featuredmedia":[{"embeddable":true,"href":"https:\/\/entretormentas.com\/index.php?rest_route=\/wp\/v2\/media\/15545"}],"wp:attachment":[{"href":"https:\/\/entretormentas.com\/index.php?rest_route=%2Fwp%2Fv2%2Fmedia&parent=15544"}],"wp:term":[{"taxonomy":"category","embeddable":true,"href":"https:\/\/entretormentas.com\/index.php?rest_route=%2Fwp%2Fv2%2Fcategories&post=15544"},{"taxonomy":"post_tag","embeddable":true,"href":"https:\/\/entretormentas.com\/index.php?rest_route=%2Fwp%2Fv2%2Ftags&post=15544"}],"curies":[{"name":"wp","href":"https:\/\/api.w.org\/{rel}","templated":true}]}}