{"id":15573,"date":"2025-04-20T21:41:40","date_gmt":"2025-04-20T19:41:40","guid":{"rendered":"https:\/\/entretormentas.com\/?p=15573"},"modified":"2025-04-21T10:44:12","modified_gmt":"2025-04-21T08:44:12","slug":"gustavo-fernandez-la-intervencion-conjunta-permitio-controlar-el-incendio-en-la-camaronera","status":"publish","type":"post","link":"https:\/\/entretormentas.com\/gustavo-fernandez-la-intervencion-conjunta-permitio-controlar-el-incendio-en-la-camaronera\/","title":{"rendered":"GUSTAVO FERN\u00c1NDEZ: \u201cLa intervenci\u00f3n conjunta permiti\u00f3 controlar el incendio en la camaronera\u201d"},"content":{"rendered":"\n<p><strong>ENTRE TORMENTAS.<\/strong> La acci\u00f3n inmediata y conjunta permiti\u00f3 hacer frente a la situaci\u00f3n y controlar las llamas del incendio registrado, en la ma\u00f1ana de este domingo, en las instalaciones de la empresa Camaronera Ant\u00e1rtica, ubicada en el sector San Miguel I, parroquia El Bajo, de una manera eficiente gracias a la acci\u00f3n mancomunada del Cuerpo de Bomberos de San Francisco, Maracaibo, La Ca\u00f1ada de Urdaneta y Petr\u00f3leos de Venezuela, as\u00ed lo inform\u00f3, desde el lugar de los hechos, el alcalde del municipio San Francisco, Gustavo Fern\u00e1ndez M\u00e9ndez.<\/p>\n\n\n\n<figure class=\"wp-block-image size-large\"><img fetchpriority=\"high\" decoding=\"async\" width=\"1024\" height=\"768\" src=\"https:\/\/entretormentas.com\/wp-content\/uploads\/2025\/04\/image-336-1024x768.png\" alt=\"\" class=\"wp-image-15575\" srcset=\"https:\/\/entretormentas.com\/wp-content\/uploads\/2025\/04\/image-336-1024x768.png 1024w, https:\/\/entretormentas.com\/wp-content\/uploads\/2025\/04\/image-336-300x225.png 300w, https:\/\/entretormentas.com\/wp-content\/uploads\/2025\/04\/image-336-768x576.png 768w, https:\/\/entretormentas.com\/wp-content\/uploads\/2025\/04\/image-336.png 1267w\" sizes=\"(max-width: 1024px) 100vw, 1024px\" \/><\/figure>\n\n\n\n<p>\u201cManejamos la informaci\u00f3n que pasadas las 11:00 de la ma\u00f1ana se inici\u00f3 un incendio en esta empresa dedicada a la producci\u00f3n masiva de camarones, las razones a\u00fan no se han determinado. Agradecidos con Dios que no hubo p\u00e9rdidas humanas pero s\u00ed material muy importante. Gracias al trabajo mancomunado entre el cuerpo de bomberos de San Francisco, Maracaibo, La Ca\u00f1ada, Petr\u00f3leos de Venezuela. Aqu\u00ed tambi\u00e9n est\u00e1 el equipo de Imsasur y Seguridad Ciudadana atendiendo cualquier posible emergencia pero hasta esta hora no hay novedad, todo est\u00e1 controlado\u201d, detall\u00f3 la primera autoridad municipal acompa\u00f1ado de gran parte de su equipo gerencial.<\/p>\n\n\n\n<figure class=\"wp-block-image size-large\"><img decoding=\"async\" width=\"1024\" height=\"535\" src=\"https:\/\/entretormentas.com\/wp-content\/uploads\/2025\/04\/image-337-1024x535.png\" alt=\"\" class=\"wp-image-15576\" srcset=\"https:\/\/entretormentas.com\/wp-content\/uploads\/2025\/04\/image-337-1024x535.png 1024w, https:\/\/entretormentas.com\/wp-content\/uploads\/2025\/04\/image-337-300x157.png 300w, https:\/\/entretormentas.com\/wp-content\/uploads\/2025\/04\/image-337-768x401.png 768w, https:\/\/entretormentas.com\/wp-content\/uploads\/2025\/04\/image-337.png 1080w\" sizes=\"(max-width: 1024px) 100vw, 1024px\" \/><\/figure>\n\n\n\n<p>El general Jhon Bravo, comandante del Cuerpo de Bomberos de San Francisco, se\u00f1al\u00f3 que la coordinaci\u00f3n fue clave para evitar la propagaci\u00f3n del incendio a las zonas aleda\u00f1as. Los vecinos aplaudieron la intervenci\u00f3n inmediata ya que estaban alarmados por la voracidad con las que las llamas arroparon toda la empresa.<\/p>\n\n\n\n<figure class=\"wp-block-image size-full\"><img decoding=\"async\" width=\"1008\" height=\"567\" src=\"https:\/\/entretormentas.com\/wp-content\/uploads\/2025\/04\/image-338.png\" alt=\"\" class=\"wp-image-15577\" srcset=\"https:\/\/entretormentas.com\/wp-content\/uploads\/2025\/04\/image-338.png 1008w, https:\/\/entretormentas.com\/wp-content\/uploads\/2025\/04\/image-338-300x169.png 300w, https:\/\/entretormentas.com\/wp-content\/uploads\/2025\/04\/image-338-768x432.png 768w\" sizes=\"(max-width: 1008px) 100vw, 1008px\" \/><\/figure>\n\n\n\n<p>El presidente de Imsasur, Juan Carlos Rangel, refiri\u00f3 que el equipo de salud siempre est\u00e1 presto y dispuesto para enfrentar cualquier novedad en el municipio. \u201cDe la mano con la gente contamos con una disposici\u00f3n directa con nuestras tres ambulancias, dos cl\u00ednicas m\u00f3viles, ocho m\u00e9dicos y el equipo de enfermer\u00eda. Adem\u00e1s el ambulatorio de El Bajo activo y nuestra emergencia de Imsasur\u201d, explic\u00f3.<br><strong><em>ET \/ Alcald\u00eda de San Francisco<\/em><\/strong><\/p>\n","protected":false},"excerpt":{"rendered":"<p>ENTRE TORMENTAS. La acci\u00f3n inmediata y conjunta permiti\u00f3 hacer frente a la situaci\u00f3n y controlar&#8230;<\/p>\n","protected":false},"author":2,"featured_media":15574,"comment_status":"closed","ping_status":"open","sticky":false,"template":"","format":"standard","meta":{"footnotes":""},"categories":[57,1],"tags":[],"class_list":["post-15573","post","type-post","status-publish","format-standard","has-post-thumbnail","hentry","category-actualidad","category-regionales"],"_links":{"self":[{"href":"https:\/\/entretormentas.com\/index.php?rest_route=\/wp\/v2\/posts\/15573","targetHints":{"allow":["GET"]}}],"collection":[{"href":"https:\/\/entretormentas.com\/index.php?rest_route=\/wp\/v2\/posts"}],"about":[{"href":"https:\/\/entretormentas.com\/index.php?rest_route=\/wp\/v2\/types\/post"}],"author":[{"embeddable":true,"href":"https:\/\/entretormentas.com\/index.php?rest_route=\/wp\/v2\/users\/2"}],"replies":[{"embeddable":true,"href":"https:\/\/entretormentas.com\/index.php?rest_route=%2Fwp%2Fv2%2Fcomments&post=15573"}],"version-history":[{"count":1,"href":"https:\/\/entretormentas.com\/index.php?rest_route=\/wp\/v2\/posts\/15573\/revisions"}],"predecessor-version":[{"id":15578,"href":"https:\/\/entretormentas.com\/index.php?rest_route=\/wp\/v2\/posts\/15573\/revisions\/15578"}],"wp:featuredmedia":[{"embeddable":true,"href":"https:\/\/entretormentas.com\/index.php?rest_route=\/wp\/v2\/media\/15574"}],"wp:attachment":[{"href":"https:\/\/entretormentas.com\/index.php?rest_route=%2Fwp%2Fv2%2Fmedia&parent=15573"}],"wp:term":[{"taxonomy":"category","embeddable":true,"href":"https:\/\/entretormentas.com\/index.php?rest_route=%2Fwp%2Fv2%2Fcategories&post=15573"},{"taxonomy":"post_tag","embeddable":true,"href":"https:\/\/entretormentas.com\/index.php?rest_route=%2Fwp%2Fv2%2Ftags&post=15573"}],"curies":[{"name":"wp","href":"https:\/\/api.w.org\/{rel}","templated":true}]}}