{"id":15591,"date":"2025-04-21T10:27:03","date_gmt":"2025-04-21T08:27:03","guid":{"rendered":"https:\/\/entretormentas.com\/?p=15591"},"modified":"2025-04-21T10:27:04","modified_gmt":"2025-04-21T08:27:04","slug":"y-viene-mas-agua-lluvias-dejan-40-familias-afectadas-en-trujillo-y-vias-obstruidas-en-lara","status":"publish","type":"post","link":"https:\/\/entretormentas.com\/y-viene-mas-agua-lluvias-dejan-40-familias-afectadas-en-trujillo-y-vias-obstruidas-en-lara\/","title":{"rendered":"\u00a1Y VIENE M\u00c1S AGUA! Lluvias dejan 40 familias afectadas en Trujillo y v\u00edas obstruidas en Lara"},"content":{"rendered":"\n<p><strong>ENTRE TORMENTAS. <\/strong>Tres municipios de Trujillo registran afectaciones, unas 40 viviendas registraron da\u00f1os a consecuencia de las recientes lluvias. En tal sentido, el gobernador de la entidad, Gerardo M\u00e1rquez, indic\u00f3 que est\u00e1 atendiendo a los afectados.<\/p>\n\n\n\n<p>\u00abGracias al apoyo que hemos tenido del ministro de la vivienda, Ra\u00fal Paredes, tenemos 25 viviendas para otorgar y estas familias que han sido perjudicadas por \u00e9sta crisis clim\u00e1tica, han sido atendidas y dios mediante, entre martes o mi\u00e9rcoles de la pr\u00f3xima semana, estas familias tendr\u00e1n una vivienda digna\u00bb, dijo M\u00e1rquez.<\/p>\n\n\n\n<figure class=\"wp-block-image size-full\"><img fetchpriority=\"high\" decoding=\"async\" width=\"677\" height=\"374\" src=\"https:\/\/entretormentas.com\/wp-content\/uploads\/2025\/04\/image-346.png\" alt=\"\" class=\"wp-image-15594\" srcset=\"https:\/\/entretormentas.com\/wp-content\/uploads\/2025\/04\/image-346.png 677w, https:\/\/entretormentas.com\/wp-content\/uploads\/2025\/04\/image-346-300x166.png 300w\" sizes=\"(max-width: 677px) 100vw, 677px\" \/><\/figure>\n\n\n\n<p><strong>DESPEJAN V\u00cdAS EN LARA<\/strong><br>Las fuertes precipitaciones ca\u00eddas la tarde del s\u00e1bado 19 de abril, tambi\u00e9n obligaron al despliegue de trabajadores y maquinaria de la l\u00ednea amarilla para despejar v\u00edas de comunicaci\u00f3n ocupadas por el arrastre de sedimentos y rocas ante el desborde de quebradas en cuatro de los nueve municipios del estado Lara.<\/p>\n\n\n\n<p>Sobre las acciones de protecci\u00f3n a la ciudadan\u00eda y como respuesta inmediata a las consecuencias dejadas por la vaguada que sorprendi\u00f3 la tarde del s\u00e1bado a la entidad larense. El gobernador Adolfo Pereira precis\u00f3 que no hubo reporte de da\u00f1os a personas ni derrumbes de viviendas.<\/p>\n\n\n\n<p>Explic\u00f3 que la poblaci\u00f3n de R\u00edo Claro en la parroquia Juares en el municipio Iribarren (Barquisimeto), fue atendida para la limpieza de la vialidad principal por el Instituto de Vialidad del estado Lara (Invilara) con el apoyo de la Alcald\u00eda del Municipio Iribarren.<br><strong><em>ET \/ Agencias<\/em><\/strong><\/p>\n","protected":false},"excerpt":{"rendered":"<p>ENTRE TORMENTAS. Tres municipios de Trujillo registran afectaciones, unas 40 viviendas registraron da\u00f1os a consecuencia&#8230;<\/p>\n","protected":false},"author":2,"featured_media":15593,"comment_status":"closed","ping_status":"open","sticky":false,"template":"","format":"standard","meta":{"footnotes":""},"categories":[56,49],"tags":[],"class_list":["post-15591","post","type-post","status-publish","format-standard","has-post-thumbnail","hentry","category-destacadas","category-nacionales"],"_links":{"self":[{"href":"https:\/\/entretormentas.com\/index.php?rest_route=\/wp\/v2\/posts\/15591","targetHints":{"allow":["GET"]}}],"collection":[{"href":"https:\/\/entretormentas.com\/index.php?rest_route=\/wp\/v2\/posts"}],"about":[{"href":"https:\/\/entretormentas.com\/index.php?rest_route=\/wp\/v2\/types\/post"}],"author":[{"embeddable":true,"href":"https:\/\/entretormentas.com\/index.php?rest_route=\/wp\/v2\/users\/2"}],"replies":[{"embeddable":true,"href":"https:\/\/entretormentas.com\/index.php?rest_route=%2Fwp%2Fv2%2Fcomments&post=15591"}],"version-history":[{"count":1,"href":"https:\/\/entretormentas.com\/index.php?rest_route=\/wp\/v2\/posts\/15591\/revisions"}],"predecessor-version":[{"id":15595,"href":"https:\/\/entretormentas.com\/index.php?rest_route=\/wp\/v2\/posts\/15591\/revisions\/15595"}],"wp:featuredmedia":[{"embeddable":true,"href":"https:\/\/entretormentas.com\/index.php?rest_route=\/wp\/v2\/media\/15593"}],"wp:attachment":[{"href":"https:\/\/entretormentas.com\/index.php?rest_route=%2Fwp%2Fv2%2Fmedia&parent=15591"}],"wp:term":[{"taxonomy":"category","embeddable":true,"href":"https:\/\/entretormentas.com\/index.php?rest_route=%2Fwp%2Fv2%2Fcategories&post=15591"},{"taxonomy":"post_tag","embeddable":true,"href":"https:\/\/entretormentas.com\/index.php?rest_route=%2Fwp%2Fv2%2Ftags&post=15591"}],"curies":[{"name":"wp","href":"https:\/\/api.w.org\/{rel}","templated":true}]}}