{"id":15599,"date":"2025-04-21T10:34:20","date_gmt":"2025-04-21T08:34:20","guid":{"rendered":"https:\/\/entretormentas.com\/?p=15599"},"modified":"2025-04-21T10:34:21","modified_gmt":"2025-04-21T08:34:21","slug":"bukele-propone-a-maduro-intercambio-humanitario-252-venezolanos-detenidos-en-el-salvador-por-252-presos-politicos","status":"publish","type":"post","link":"https:\/\/entretormentas.com\/bukele-propone-a-maduro-intercambio-humanitario-252-venezolanos-detenidos-en-el-salvador-por-252-presos-politicos\/","title":{"rendered":"\u00a1BUKELE PROPONE A MADURO INTERCAMBIO HUMANITARIO! 252 venezolanos detenidos en El Salvador por 252 presos pol\u00edticos"},"content":{"rendered":"\n<p><strong>ENTRE TORMENTAS. <\/strong>El presidente de El Salvador, Nayib Bukele, lanz\u00f3 una propuesta directa a su hom\u00f3logo venezolano, Nicol\u00e1s Maduro, a trav\u00e9s de su cuenta en la red social X, sugiriendo un intercambio humanitario de 252 venezolanos detenidos en El Salvador a cambio de la liberaci\u00f3n de 252 presos pol\u00edticos en Venezuela.<\/p>\n\n\n\n<p>En su publicaci\u00f3n, Bukele contrast\u00f3 la situaci\u00f3n de los venezolanos detenidos en El Salvador, a quienes vincula con operaciones de pandillas como el Tren de Aragua, con la de los presos pol\u00edticos venezolanos, a quienes describi\u00f3 como personas encarceladas \u00fanicamente por oponerse al gobierno de Maduro y sus \u00abfraudes electorales\u00bb.<\/p>\n\n\n\n<figure class=\"wp-block-image size-large\"><img fetchpriority=\"high\" decoding=\"async\" width=\"1024\" height=\"683\" src=\"https:\/\/entretormentas.com\/wp-content\/uploads\/2025\/04\/image-349-1024x683.png\" alt=\"\" class=\"wp-image-15601\" srcset=\"https:\/\/entretormentas.com\/wp-content\/uploads\/2025\/04\/image-349-1024x683.png 1024w, https:\/\/entretormentas.com\/wp-content\/uploads\/2025\/04\/image-349-300x200.png 300w, https:\/\/entretormentas.com\/wp-content\/uploads\/2025\/04\/image-349-768x512.png 768w, https:\/\/entretormentas.com\/wp-content\/uploads\/2025\/04\/image-349.png 1200w\" sizes=\"(max-width: 1024px) 100vw, 1024px\" \/><\/figure>\n\n\n\n<p>Bukele destac\u00f3 la diferencia entre los detenidos en El Salvador, algunos de los cuales, seg\u00fan \u00e9l, han cometido delitos graves, y los presos pol\u00edticos venezolanos, cuya \u00ab\u00fanica raz\u00f3n\u00bb de encarcelamiento es la oposici\u00f3n pol\u00edtica.<\/p>\n\n\n\n<p>La propuesta incluye nombres espec\u00edficos de presos pol\u00edticos venezolanos como Rafael Tudares, yerno de Edmundo Gonz\u00e1lez; el periodista Roland Carre\u00f1o, la abogada y activista Roc\u00edo San Miguel y los dirigentes pol\u00edticos asilados en la embajada de Argentina. Adem\u00e1s, se pide la liberaci\u00f3n de casi 50 ciudadanos de otras nacionalidades tambi\u00e9n detenidos en Venezuela.<\/p>\n\n\n\n<p>Bukele afirm\u00f3 que su Canciller\u00eda enviar\u00e1 la correspondencia formal a Venezuela para concretar el acuerdo. El presidente salvadore\u00f1o concluy\u00f3 su mensaje con una bendici\u00f3n para el pueblo venezolano. \u00abDios bendiga al pueblo de Venezuela\u00bb.<br><strong><em>ET \/ Agencias<\/em><\/strong><\/p>\n\n\n\n<p><\/p>\n","protected":false},"excerpt":{"rendered":"<p>ENTRE TORMENTAS. El presidente de El Salvador, Nayib Bukele, lanz\u00f3 una propuesta directa a su&#8230;<\/p>\n","protected":false},"author":2,"featured_media":15600,"comment_status":"closed","ping_status":"open","sticky":false,"template":"","format":"standard","meta":{"footnotes":""},"categories":[56,48],"tags":[],"class_list":["post-15599","post","type-post","status-publish","format-standard","has-post-thumbnail","hentry","category-destacadas","category-internacionales"],"_links":{"self":[{"href":"https:\/\/entretormentas.com\/index.php?rest_route=\/wp\/v2\/posts\/15599","targetHints":{"allow":["GET"]}}],"collection":[{"href":"https:\/\/entretormentas.com\/index.php?rest_route=\/wp\/v2\/posts"}],"about":[{"href":"https:\/\/entretormentas.com\/index.php?rest_route=\/wp\/v2\/types\/post"}],"author":[{"embeddable":true,"href":"https:\/\/entretormentas.com\/index.php?rest_route=\/wp\/v2\/users\/2"}],"replies":[{"embeddable":true,"href":"https:\/\/entretormentas.com\/index.php?rest_route=%2Fwp%2Fv2%2Fcomments&post=15599"}],"version-history":[{"count":1,"href":"https:\/\/entretormentas.com\/index.php?rest_route=\/wp\/v2\/posts\/15599\/revisions"}],"predecessor-version":[{"id":15602,"href":"https:\/\/entretormentas.com\/index.php?rest_route=\/wp\/v2\/posts\/15599\/revisions\/15602"}],"wp:featuredmedia":[{"embeddable":true,"href":"https:\/\/entretormentas.com\/index.php?rest_route=\/wp\/v2\/media\/15600"}],"wp:attachment":[{"href":"https:\/\/entretormentas.com\/index.php?rest_route=%2Fwp%2Fv2%2Fmedia&parent=15599"}],"wp:term":[{"taxonomy":"category","embeddable":true,"href":"https:\/\/entretormentas.com\/index.php?rest_route=%2Fwp%2Fv2%2Fcategories&post=15599"},{"taxonomy":"post_tag","embeddable":true,"href":"https:\/\/entretormentas.com\/index.php?rest_route=%2Fwp%2Fv2%2Ftags&post=15599"}],"curies":[{"name":"wp","href":"https:\/\/api.w.org\/{rel}","templated":true}]}}