{"id":15603,"date":"2025-04-21T10:41:38","date_gmt":"2025-04-21T08:41:38","guid":{"rendered":"https:\/\/entretormentas.com\/?p=15603"},"modified":"2025-04-21T10:41:40","modified_gmt":"2025-04-21T08:41:40","slug":"comunicado-fiscal-saab-le-responde-a-bukele-y-exige-conocer-lista-de-presos-en-el-salvador","status":"publish","type":"post","link":"https:\/\/entretormentas.com\/comunicado-fiscal-saab-le-responde-a-bukele-y-exige-conocer-lista-de-presos-en-el-salvador\/","title":{"rendered":"\u00a1COMUNICADO! Fiscal Saab le responde a Bukele y exige conocer lista de presos en El Salvador"},"content":{"rendered":"\n<p><strong>ENTRE TORMENTAS. <\/strong>El Ministerio P\u00fablico public\u00f3 un comunicado, este domingo 20 de abril, en el que responde a la propuesta de intercambio de detenidos entre El Salvador y Venezuela.<\/p>\n\n\n\n<p>Nayib Bukele le ofreci\u00f3 al gobierno de Nicol\u00e1s Maduro repatriar 252 migrantes venezolanos recluidos en el Cecot a cambio de liberar la misma cantidad de presos pol\u00edticos, incluido el yerno de Edmundo Gonz\u00e1lez, Rafael Tudares, quien a\u00fan se encuentra en situaci\u00f3n de desaparici\u00f3n forzada.<\/p>\n\n\n\n<figure class=\"wp-block-image size-large\"><img fetchpriority=\"high\" decoding=\"async\" width=\"733\" height=\"1024\" src=\"https:\/\/entretormentas.com\/wp-content\/uploads\/2025\/04\/image-351-733x1024.png\" alt=\"\" class=\"wp-image-15605\" srcset=\"https:\/\/entretormentas.com\/wp-content\/uploads\/2025\/04\/image-351-733x1024.png 733w, https:\/\/entretormentas.com\/wp-content\/uploads\/2025\/04\/image-351-215x300.png 215w, https:\/\/entretormentas.com\/wp-content\/uploads\/2025\/04\/image-351-768x1073.png 768w, https:\/\/entretormentas.com\/wp-content\/uploads\/2025\/04\/image-351.png 916w\" sizes=\"(max-width: 733px) 100vw, 733px\" \/><\/figure>\n\n\n\n<p>En el documento, la instituci\u00f3n que dirige Tarek William Saab asegura que con esta propuesta, \u00abBukele acepta que mantiene secuestrados a 252 venezolanos en El Salvador\u00ab, lo que significa una violaci\u00f3n de los derechos humanos y cr\u00edmenes de lesa humanidad. Adem\u00e1s, asocia el trato a los venezolanos detenidos con \u00abpr\u00e1cticas nazis\u00bb.<\/p>\n\n\n\n<figure class=\"wp-block-image size-large\"><img decoding=\"async\" width=\"731\" height=\"1024\" src=\"https:\/\/entretormentas.com\/wp-content\/uploads\/2025\/04\/image-352-731x1024.png\" alt=\"\" class=\"wp-image-15606\" srcset=\"https:\/\/entretormentas.com\/wp-content\/uploads\/2025\/04\/image-352-731x1024.png 731w, https:\/\/entretormentas.com\/wp-content\/uploads\/2025\/04\/image-352-214x300.png 214w, https:\/\/entretormentas.com\/wp-content\/uploads\/2025\/04\/image-352-768x1076.png 768w, https:\/\/entretormentas.com\/wp-content\/uploads\/2025\/04\/image-352.png 914w\" sizes=\"(max-width: 731px) 100vw, 731px\" \/><\/figure>\n\n\n\n<p><strong>RESPUESTA OFICIAL<\/strong><br>En la misiva, el Ministerio exige una lista de detenidos, fe de vida y acceso a abogados. Tambi\u00e9n pide informaci\u00f3n sobre los delitos imputados y las condiciones de cada detenido. Finalmente, insta a organizaciones internacionales a tomar cartas en el asunto.<\/p>\n\n\n\n<p>Diferentes investigaciones concluyen que la mayor\u00eda de detenidos en El Salvador no tienen antecedentes o no han cometido delitos.<br><strong><em>ET\/ AFP<\/em><\/strong><\/p>\n\n\n\n<p><\/p>\n","protected":false},"excerpt":{"rendered":"<p>ENTRE TORMENTAS. El Ministerio P\u00fablico public\u00f3 un comunicado, este domingo 20 de abril, en el&#8230;<\/p>\n","protected":false},"author":2,"featured_media":15604,"comment_status":"closed","ping_status":"open","sticky":false,"template":"","format":"standard","meta":{"footnotes":""},"categories":[56,49],"tags":[],"class_list":["post-15603","post","type-post","status-publish","format-standard","has-post-thumbnail","hentry","category-destacadas","category-nacionales"],"_links":{"self":[{"href":"https:\/\/entretormentas.com\/index.php?rest_route=\/wp\/v2\/posts\/15603","targetHints":{"allow":["GET"]}}],"collection":[{"href":"https:\/\/entretormentas.com\/index.php?rest_route=\/wp\/v2\/posts"}],"about":[{"href":"https:\/\/entretormentas.com\/index.php?rest_route=\/wp\/v2\/types\/post"}],"author":[{"embeddable":true,"href":"https:\/\/entretormentas.com\/index.php?rest_route=\/wp\/v2\/users\/2"}],"replies":[{"embeddable":true,"href":"https:\/\/entretormentas.com\/index.php?rest_route=%2Fwp%2Fv2%2Fcomments&post=15603"}],"version-history":[{"count":1,"href":"https:\/\/entretormentas.com\/index.php?rest_route=\/wp\/v2\/posts\/15603\/revisions"}],"predecessor-version":[{"id":15607,"href":"https:\/\/entretormentas.com\/index.php?rest_route=\/wp\/v2\/posts\/15603\/revisions\/15607"}],"wp:featuredmedia":[{"embeddable":true,"href":"https:\/\/entretormentas.com\/index.php?rest_route=\/wp\/v2\/media\/15604"}],"wp:attachment":[{"href":"https:\/\/entretormentas.com\/index.php?rest_route=%2Fwp%2Fv2%2Fmedia&parent=15603"}],"wp:term":[{"taxonomy":"category","embeddable":true,"href":"https:\/\/entretormentas.com\/index.php?rest_route=%2Fwp%2Fv2%2Fcategories&post=15603"},{"taxonomy":"post_tag","embeddable":true,"href":"https:\/\/entretormentas.com\/index.php?rest_route=%2Fwp%2Fv2%2Ftags&post=15603"}],"curies":[{"name":"wp","href":"https:\/\/api.w.org\/{rel}","templated":true}]}}