{"id":15619,"date":"2025-04-21T20:45:14","date_gmt":"2025-04-21T18:45:14","guid":{"rendered":"https:\/\/entretormentas.com\/?p=15619"},"modified":"2025-04-21T20:45:15","modified_gmt":"2025-04-21T18:45:15","slug":"durante-semana-santa-comdepro-atendio-solicitudes-de-permisos-de-viaje-y-emergencias","status":"publish","type":"post","link":"https:\/\/entretormentas.com\/durante-semana-santa-comdepro-atendio-solicitudes-de-permisos-de-viaje-y-emergencias\/","title":{"rendered":"\u00a1DURANTE SEMANA SANTA! Comdepro atendi\u00f3 solicitudes de permisos de viaje y emergencias"},"content":{"rendered":"\n<p><strong>ENTRE TORMENTAS. <\/strong>El Consejo Municipal de Protecci\u00f3n del Ni\u00f1o, Ni\u00f1a y Adolescente de San Francisco (Comdepro) con el apoyo y como parte de la gesti\u00f3n del alcalde Gustavo Fern\u00e1ndez, se sum\u00f3 al Operativo Semana Santa 2025, con la atenci\u00f3n de solicitudes de permisos de viaje y de emergencias que se presentaron durante esos d\u00edas.<\/p>\n\n\n\n<p>Dianet Guerrero, directora de Comdepro, explic\u00f3 que en los d\u00edas de la Semana Santa se tramitaron autorizaciones o permisos de viaje, comentando que \u201cson otorgados por los progenitores a los fines de que sus hijos viajen con sus familiares a diversas partes del pa\u00eds\u201d.<\/p>\n\n\n\n<figure class=\"wp-block-image size-full\"><img fetchpriority=\"high\" decoding=\"async\" width=\"574\" height=\"1020\" src=\"https:\/\/entretormentas.com\/wp-content\/uploads\/2025\/04\/image-358.png\" alt=\"\" class=\"wp-image-15620\" srcset=\"https:\/\/entretormentas.com\/wp-content\/uploads\/2025\/04\/image-358.png 574w, https:\/\/entretormentas.com\/wp-content\/uploads\/2025\/04\/image-358-169x300.png 169w\" sizes=\"(max-width: 574px) 100vw, 574px\" \/><\/figure>\n\n\n\n<p>Otro trabajo que vienen realizando los Consejeros de Derecho y de Protecci\u00f3n desde Comdepro, es la atenci\u00f3n de los casos de emergencia que se van presentando y que por lo general son reportados por los diferentes Cuerpos de Seguridad desplegados en Puntos de Control en diversas zonas y v\u00edas del municipio. Guerrero inform\u00f3 que estos casos est\u00e1n relacionados con la vulnerabilidad del derecho a la integridad personal y al derecho a estar protegido contra la violencia, el abuso y explotaci\u00f3n sexual. \u201cQue por supuesto requieren ser atendidos inmediatamente\u201d, acot\u00f3.<\/p>\n\n\n\n<p>La directora de Comdepro tambi\u00e9n coment\u00f3 que los d\u00edas previos a la Semana Santa se realizaron varios operativos especiales de autorizaciones o permisos de viaje tramitando m\u00e1s de 80 casos desde la sede principal. Guerrero se\u00f1al\u00f3 adem\u00e1s, que se atendi\u00f3 de manera particular a los Colegios Javier, ubicado en el sector Sierra Maestra de la parroquia Francisco Ochoa y Cristo Rey, de la urbanizaci\u00f3n La Coromoto de la parroquia San Francisco, ambos con la solicitud de autorizaciones para m\u00e1s de 60 alumnos que participaron en retiros o convivencias fuera de la localidad.<\/p>\n\n\n\n<p>Con acciones como estas el Gobierno Municipal de San Francisco se sum\u00f3 al despliegue nivel nacional, que mantuvo en las calles del pa\u00eds a m\u00e1s de 185 mil funcionarios con el objetivo de velar por la seguridad y protecci\u00f3n integral de la poblaci\u00f3n durante las festividades religiosas de la Semana Mayor.<br><strong><em>ET \/ Alcald\u00eda de San Francisco<\/em><\/strong><\/p>\n","protected":false},"excerpt":{"rendered":"<p>ENTRE TORMENTAS. El Consejo Municipal de Protecci\u00f3n del Ni\u00f1o, Ni\u00f1a y Adolescente de San Francisco&#8230;<\/p>\n","protected":false},"author":2,"featured_media":15621,"comment_status":"closed","ping_status":"open","sticky":false,"template":"","format":"standard","meta":{"footnotes":""},"categories":[1],"tags":[],"class_list":["post-15619","post","type-post","status-publish","format-standard","has-post-thumbnail","hentry","category-regionales"],"_links":{"self":[{"href":"https:\/\/entretormentas.com\/index.php?rest_route=\/wp\/v2\/posts\/15619","targetHints":{"allow":["GET"]}}],"collection":[{"href":"https:\/\/entretormentas.com\/index.php?rest_route=\/wp\/v2\/posts"}],"about":[{"href":"https:\/\/entretormentas.com\/index.php?rest_route=\/wp\/v2\/types\/post"}],"author":[{"embeddable":true,"href":"https:\/\/entretormentas.com\/index.php?rest_route=\/wp\/v2\/users\/2"}],"replies":[{"embeddable":true,"href":"https:\/\/entretormentas.com\/index.php?rest_route=%2Fwp%2Fv2%2Fcomments&post=15619"}],"version-history":[{"count":1,"href":"https:\/\/entretormentas.com\/index.php?rest_route=\/wp\/v2\/posts\/15619\/revisions"}],"predecessor-version":[{"id":15623,"href":"https:\/\/entretormentas.com\/index.php?rest_route=\/wp\/v2\/posts\/15619\/revisions\/15623"}],"wp:featuredmedia":[{"embeddable":true,"href":"https:\/\/entretormentas.com\/index.php?rest_route=\/wp\/v2\/media\/15621"}],"wp:attachment":[{"href":"https:\/\/entretormentas.com\/index.php?rest_route=%2Fwp%2Fv2%2Fmedia&parent=15619"}],"wp:term":[{"taxonomy":"category","embeddable":true,"href":"https:\/\/entretormentas.com\/index.php?rest_route=%2Fwp%2Fv2%2Fcategories&post=15619"},{"taxonomy":"post_tag","embeddable":true,"href":"https:\/\/entretormentas.com\/index.php?rest_route=%2Fwp%2Fv2%2Ftags&post=15619"}],"curies":[{"name":"wp","href":"https:\/\/api.w.org\/{rel}","templated":true}]}}