{"id":15624,"date":"2025-04-21T20:50:08","date_gmt":"2025-04-21T18:50:08","guid":{"rendered":"https:\/\/entretormentas.com\/?p=15624"},"modified":"2025-04-21T20:50:09","modified_gmt":"2025-04-21T18:50:09","slug":"orgullo-zuliano-ajedrecista-harlen-otero-obtuvo-un-titulo-fide-en-el-subzonal-de-medellin","status":"publish","type":"post","link":"https:\/\/entretormentas.com\/orgullo-zuliano-ajedrecista-harlen-otero-obtuvo-un-titulo-fide-en-el-subzonal-de-medellin\/","title":{"rendered":"\u00a1ORGULLO ZULIANO! Ajedrecista Harlen Otero obtuvo un t\u00edtulo FIDE en el Subzonal de Medell\u00edn"},"content":{"rendered":"\n<p><strong>ENTRE TORMENTAS.<\/strong> El paratleta Harlen Otero obtuvo el t\u00edtulo CM de la Federaci\u00f3n Internacional de Ajedrez luego de representar a Venezuela en el Subzonal 2.3.2 Absoluto del 14 hasta este 19 de abril en la ciudad de Medell\u00edn, Colombia.<\/p>\n\n\n\n<p>Harlen form\u00f3 parte de la delegaci\u00f3n venezolana que compiti\u00f3 en los espacios del Parque de Ajedrez de manera individual en busca de un t\u00edtulo internacional, el cual obtuvo luego de alcanzar la puntuaci\u00f3n necesaria enfrentando por primera vez a ajedrecistas titulados.<\/p>\n\n\n\n<figure class=\"wp-block-image size-large\"><img fetchpriority=\"high\" decoding=\"async\" width=\"1024\" height=\"715\" src=\"https:\/\/entretormentas.com\/wp-content\/uploads\/2025\/04\/image-362-1024x715.png\" alt=\"\" class=\"wp-image-15626\" srcset=\"https:\/\/entretormentas.com\/wp-content\/uploads\/2025\/04\/image-362-1024x715.png 1024w, https:\/\/entretormentas.com\/wp-content\/uploads\/2025\/04\/image-362-300x210.png 300w, https:\/\/entretormentas.com\/wp-content\/uploads\/2025\/04\/image-362-768x536.png 768w, https:\/\/entretormentas.com\/wp-content\/uploads\/2025\/04\/image-362.png 1290w\" sizes=\"(max-width: 1024px) 100vw, 1024px\" \/><\/figure>\n\n\n\n<p>El zuliano logr\u00f3 el CM que significa \u00abMaestro Candidato\u00bb , un t\u00edtulo de la FIDE que se otorga a jugadores con un Elo de entre 2200 y 2299 o por una actuaci\u00f3n destacada, y adem\u00e1s, reconoce la fortaleza en el juego y es considerado como un primer paso hacia t\u00edtulos m\u00e1s altos.<\/p>\n\n\n\n<p>Este logro le permitir\u00e1 a Otero representar el tricolor en m\u00e1s eventos deportivos internacionales. Prontamente estar\u00e1 participando en las Paraolimpiadas IBCA pautadas del 15 al 26 de junio en Serbia d\u00f3nde la contienda ser\u00e1 por equipos.<\/p>\n\n\n\n<p>Desde la Gobernaci\u00f3n del Zulia y el Instituto Regional de Deportes, felicitamos al oriundo del municipio Valmore Rodr\u00edguez por esta haza\u00f1a que lo encamina a una carrera internacional prometedora.<br><strong><em>ET \/ Nota de Prensa<\/em><\/strong><\/p>\n","protected":false},"excerpt":{"rendered":"<p>ENTRE TORMENTAS. El paratleta Harlen Otero obtuvo el t\u00edtulo CM de la Federaci\u00f3n Internacional de&#8230;<\/p>\n","protected":false},"author":2,"featured_media":15625,"comment_status":"closed","ping_status":"open","sticky":false,"template":"","format":"standard","meta":{"footnotes":""},"categories":[53],"tags":[],"class_list":["post-15624","post","type-post","status-publish","format-standard","has-post-thumbnail","hentry","category-deportes"],"_links":{"self":[{"href":"https:\/\/entretormentas.com\/index.php?rest_route=\/wp\/v2\/posts\/15624","targetHints":{"allow":["GET"]}}],"collection":[{"href":"https:\/\/entretormentas.com\/index.php?rest_route=\/wp\/v2\/posts"}],"about":[{"href":"https:\/\/entretormentas.com\/index.php?rest_route=\/wp\/v2\/types\/post"}],"author":[{"embeddable":true,"href":"https:\/\/entretormentas.com\/index.php?rest_route=\/wp\/v2\/users\/2"}],"replies":[{"embeddable":true,"href":"https:\/\/entretormentas.com\/index.php?rest_route=%2Fwp%2Fv2%2Fcomments&post=15624"}],"version-history":[{"count":1,"href":"https:\/\/entretormentas.com\/index.php?rest_route=\/wp\/v2\/posts\/15624\/revisions"}],"predecessor-version":[{"id":15627,"href":"https:\/\/entretormentas.com\/index.php?rest_route=\/wp\/v2\/posts\/15624\/revisions\/15627"}],"wp:featuredmedia":[{"embeddable":true,"href":"https:\/\/entretormentas.com\/index.php?rest_route=\/wp\/v2\/media\/15625"}],"wp:attachment":[{"href":"https:\/\/entretormentas.com\/index.php?rest_route=%2Fwp%2Fv2%2Fmedia&parent=15624"}],"wp:term":[{"taxonomy":"category","embeddable":true,"href":"https:\/\/entretormentas.com\/index.php?rest_route=%2Fwp%2Fv2%2Fcategories&post=15624"},{"taxonomy":"post_tag","embeddable":true,"href":"https:\/\/entretormentas.com\/index.php?rest_route=%2Fwp%2Fv2%2Ftags&post=15624"}],"curies":[{"name":"wp","href":"https:\/\/api.w.org\/{rel}","templated":true}]}}