{"id":15635,"date":"2025-04-22T10:03:16","date_gmt":"2025-04-22T08:03:16","guid":{"rendered":"https:\/\/entretormentas.com\/?p=15635"},"modified":"2025-04-22T10:03:17","modified_gmt":"2025-04-22T08:03:17","slug":"anuncio-presidencial-gobierno-decreta-tres-dias-de-duelo-por-el-fallecimiento-del-papa-francisco","status":"publish","type":"post","link":"https:\/\/entretormentas.com\/anuncio-presidencial-gobierno-decreta-tres-dias-de-duelo-por-el-fallecimiento-del-papa-francisco\/","title":{"rendered":"\u00a1ANUNCIO PRESIDENCIAL! Gobierno decreta tres d\u00edas de duelo por el fallecimiento del Papa Francisco"},"content":{"rendered":"\n<p><strong>ENTRE TORMENTAS.<\/strong> El presidente Nicol\u00e1s Maduro Moros decret\u00f3 tres d\u00edas de duelo nacional por la partida f\u00edsica del Papa Francisco, considerado \u00abun amigo fraterno\u00bb del pueblo venezolano.<\/p>\n\n\n\n<p>A trav\u00e9s de su cuenta en Telegram, la vicepresidenta Delcy Rodr\u00edguez public\u00f3 la Gaceta Extraordinaria N\u00b0 6.900, donde se menciona que el duelo nacional se inicia a partir de las 6:00 de la tarde de este lunes hasta el jueves 24 de abril, a la misma hora, inform\u00f3 \u00daltimas Noticias.<\/p>\n\n\n\n<p>En esta publicaci\u00f3n, Rodr\u00edguez indic\u00f3 que \u00abel Papa Francisco siempre tendr\u00e1 un lugar en nuestros corazones por haber impulsado la canonizaci\u00f3n de Jos\u00e9 Gregorio Hern\u00e1ndez y por haber abogado por la paz y la uni\u00f3n de nuestra patria. En su regreso a la Casa del Padre, todo el pueblo venezolano agradece sus ense\u00f1anzas\u00bb.<\/p>\n\n\n\n<p>En tal sentido, se proh\u00edben las festividades y celebraciones p\u00fablicas, durante el per\u00edodo antes referido como muestra del luto que embarga al pueblo venezolano y al mundo entero por tan lamentable p\u00e9rdida.<\/p>\n\n\n\n<p>Se establece que la Bandera Nacional permanecer\u00e1 enarbolada a media asta en todos los edificios p\u00fablicos , tanto civiles como militares, por el tiempo establecido.<br><strong><em>ET \/ Agencias<\/em><\/strong><\/p>\n","protected":false},"excerpt":{"rendered":"<p>ENTRE TORMENTAS. El presidente Nicol\u00e1s Maduro Moros decret\u00f3 tres d\u00edas de duelo nacional por la&#8230;<\/p>\n","protected":false},"author":2,"featured_media":15636,"comment_status":"closed","ping_status":"open","sticky":false,"template":"","format":"standard","meta":{"footnotes":""},"categories":[56,49],"tags":[],"class_list":["post-15635","post","type-post","status-publish","format-standard","has-post-thumbnail","hentry","category-destacadas","category-nacionales"],"_links":{"self":[{"href":"https:\/\/entretormentas.com\/index.php?rest_route=\/wp\/v2\/posts\/15635","targetHints":{"allow":["GET"]}}],"collection":[{"href":"https:\/\/entretormentas.com\/index.php?rest_route=\/wp\/v2\/posts"}],"about":[{"href":"https:\/\/entretormentas.com\/index.php?rest_route=\/wp\/v2\/types\/post"}],"author":[{"embeddable":true,"href":"https:\/\/entretormentas.com\/index.php?rest_route=\/wp\/v2\/users\/2"}],"replies":[{"embeddable":true,"href":"https:\/\/entretormentas.com\/index.php?rest_route=%2Fwp%2Fv2%2Fcomments&post=15635"}],"version-history":[{"count":1,"href":"https:\/\/entretormentas.com\/index.php?rest_route=\/wp\/v2\/posts\/15635\/revisions"}],"predecessor-version":[{"id":15637,"href":"https:\/\/entretormentas.com\/index.php?rest_route=\/wp\/v2\/posts\/15635\/revisions\/15637"}],"wp:featuredmedia":[{"embeddable":true,"href":"https:\/\/entretormentas.com\/index.php?rest_route=\/wp\/v2\/media\/15636"}],"wp:attachment":[{"href":"https:\/\/entretormentas.com\/index.php?rest_route=%2Fwp%2Fv2%2Fmedia&parent=15635"}],"wp:term":[{"taxonomy":"category","embeddable":true,"href":"https:\/\/entretormentas.com\/index.php?rest_route=%2Fwp%2Fv2%2Fcategories&post=15635"},{"taxonomy":"post_tag","embeddable":true,"href":"https:\/\/entretormentas.com\/index.php?rest_route=%2Fwp%2Fv2%2Ftags&post=15635"}],"curies":[{"name":"wp","href":"https:\/\/api.w.org\/{rel}","templated":true}]}}