{"id":15641,"date":"2025-04-22T10:09:37","date_gmt":"2025-04-22T08:09:37","guid":{"rendered":"https:\/\/entretormentas.com\/?p=15641"},"modified":"2025-04-22T10:09:38","modified_gmt":"2025-04-22T08:09:38","slug":"cardenal-baltazar-porras-francisco-fue-un-ejemplo-de-sencillez-y-amor-por-la-espiritualidad","status":"publish","type":"post","link":"https:\/\/entretormentas.com\/cardenal-baltazar-porras-francisco-fue-un-ejemplo-de-sencillez-y-amor-por-la-espiritualidad\/","title":{"rendered":"CARDENAL BALTAZAR PORRAS: \u00abFrancisco fue un ejemplo de sencillez y amor por la espiritualidad\u00bb"},"content":{"rendered":"\n<p><strong>ENTRE TORMENTAS.<\/strong> El cardenal Baltazar Porras, afirm\u00f3 este lunes que es \u00abun gran dolor para todos nosotros\u00bb la muerte del papa Francisco, y lo consider\u00f3 como un ejemplo para el mundo por la \u00abentrega total a su ministerio\u00bb y por la profunda \u00abpreocupaci\u00f3n por los m\u00e1s pobres, por los recluidos, por la naturaleza y por ese llamado permanente a la paz\u00bb.<\/p>\n\n\n\n<p>\u00abEs un gran ejemplo el que sea un papa latinoamericano con ese amor tan grande de lo que es la espiritualidad, de lo que se ha cultivado en nuestro continente, pues es el gran legado que nos deja a todos, oramos por su eterno descanso\u00bb, expres\u00f3.<\/p>\n\n\n\n<p>En entrevista concedida al programa A Tiempo que transmite Uni\u00f3n Radio, sostuvo que es momento de unirse en el \u00abduelo de la iglesia universal pero con un coraz\u00f3n profundamente agradecido por el legado que nos deja el papa Francisco\u00bb.<\/p>\n\n\n\n<p>Porras, quien conoci\u00f3 a Francisco hace 28 a\u00f1os, asegur\u00f3 que su llegada al Vaticano \u00abno signific\u00f3 la lejan\u00eda\u00bb de su sencillez y amabilidad, sino todo lo contrario, un acercamiento mayor, una b\u00fasqueda de escucha, que es quiz\u00e1s uno de los legados que el nos deja\u00bb.<\/p>\n\n\n\n<p>Record\u00f3 que el papa \u00absiempre dec\u00eda, para qu\u00e9 queremos m\u00e1s, nosotros somos unos privilegiados pero no tenemos derechos de privilegios sino a servir\u00bb.<\/p>\n\n\n\n<p>El cardenal afirm\u00f3 que el fallecimiento de Sumo Pont\u00edfice en el tiempo de la resurrecci\u00f3n de Jesucristo, \u00absignifica el inicio de una nueva etapa de su existencia y de la existencia de la iglesia\u00bb.<br><strong><em>ET \/ Uni\u00f3n Radio<\/em><\/strong><\/p>\n\n\n\n<p><\/p>\n","protected":false},"excerpt":{"rendered":"<p>ENTRE TORMENTAS. El cardenal Baltazar Porras, afirm\u00f3 este lunes que es \u00abun gran dolor para&#8230;<\/p>\n","protected":false},"author":2,"featured_media":15643,"comment_status":"closed","ping_status":"open","sticky":false,"template":"","format":"standard","meta":{"footnotes":""},"categories":[56,49],"tags":[],"class_list":["post-15641","post","type-post","status-publish","format-standard","has-post-thumbnail","hentry","category-destacadas","category-nacionales"],"_links":{"self":[{"href":"https:\/\/entretormentas.com\/index.php?rest_route=\/wp\/v2\/posts\/15641","targetHints":{"allow":["GET"]}}],"collection":[{"href":"https:\/\/entretormentas.com\/index.php?rest_route=\/wp\/v2\/posts"}],"about":[{"href":"https:\/\/entretormentas.com\/index.php?rest_route=\/wp\/v2\/types\/post"}],"author":[{"embeddable":true,"href":"https:\/\/entretormentas.com\/index.php?rest_route=\/wp\/v2\/users\/2"}],"replies":[{"embeddable":true,"href":"https:\/\/entretormentas.com\/index.php?rest_route=%2Fwp%2Fv2%2Fcomments&post=15641"}],"version-history":[{"count":1,"href":"https:\/\/entretormentas.com\/index.php?rest_route=\/wp\/v2\/posts\/15641\/revisions"}],"predecessor-version":[{"id":15645,"href":"https:\/\/entretormentas.com\/index.php?rest_route=\/wp\/v2\/posts\/15641\/revisions\/15645"}],"wp:featuredmedia":[{"embeddable":true,"href":"https:\/\/entretormentas.com\/index.php?rest_route=\/wp\/v2\/media\/15643"}],"wp:attachment":[{"href":"https:\/\/entretormentas.com\/index.php?rest_route=%2Fwp%2Fv2%2Fmedia&parent=15641"}],"wp:term":[{"taxonomy":"category","embeddable":true,"href":"https:\/\/entretormentas.com\/index.php?rest_route=%2Fwp%2Fv2%2Fcategories&post=15641"},{"taxonomy":"post_tag","embeddable":true,"href":"https:\/\/entretormentas.com\/index.php?rest_route=%2Fwp%2Fv2%2Ftags&post=15641"}],"curies":[{"name":"wp","href":"https:\/\/api.w.org\/{rel}","templated":true}]}}